{"id":22687,"date":"2021-09-13T10:15:18","date_gmt":"2021-09-13T10:15:18","guid":{"rendered":"https:\/\/blogdorogeriogomes.com.br\/?p=22687"},"modified":"2021-09-13T10:54:00","modified_gmt":"2021-09-13T10:54:00","slug":"stf-avalia-politica-de-armas-de-bolsonaro-esta-semana-senado-tambem-deve-devolver-mp-das-fake-news-editada-pelo-presidente","status":"publish","type":"post","link":"https:\/\/blogdorogeriogomes.com.br\/noticias\/2021\/09\/stf-avalia-politica-de-armas-de-bolsonaro-esta-semana-senado-tambem-deve-devolver-mp-das-fake-news-editada-pelo-presidente\/","title":{"rendered":"STF avalia pol\u00edtica de armas de Bolsonaro esta semana. Senado tamb\u00e9m deve devolver MP das Fake News editada pelo presidente"},"content":{"rendered":"\n<p>A semana ser\u00e1 de julgamentos importantes sobre atos do presidente Jair Bolsonaro. No Supremo Tribunal Federal (STF), o ministro Alexandre de Moraes liberou para julgamento os processos sobre a pol\u00edtica armamentista do Governo Federal. A tend\u00eancia \u00e9 que o STF derrube as normas que ampliam o porte de armas no pa\u00eds. O STF come\u00e7ou a julgar sete a\u00e7\u00f5es contra decretos e normas sobre armas no plen\u00e1rio virtual.<\/p>\n\n\n\n<p>Esta semana tamb\u00e9m, o presidente do Senado, Rodrigo Pacheco (DEM-MG), deve devolver a Medida Provis\u00f3ria editada pelo presidente Jair Bolsonaro que altera o Marco Civil da Internet, apelidada de MP das Fake News. Pacheco pretende se basear em parecer da Advocacia Geral da Casa sobre o tema para justificar a decis\u00e3o, alegando que a proposta d\u00e1 margem para o cometimento de crimes nas redes sociais.<\/p>\n\n\n\n<figure class=\"wp-block-image size-large\"><img loading=\"lazy\" decoding=\"async\" width=\"715\" height=\"429\" src=\"https:\/\/blogdorogeriogomes.com.br\/wp-content\/uploads\/2021\/09\/images-44.jpeg\" alt=\"\" class=\"wp-image-22688\" srcset=\"https:\/\/blogdorogeriogomes.com.br\/noticias\/wp-content\/uploads\/2021\/09\/images-44.jpeg 715w, https:\/\/blogdorogeriogomes.com.br\/noticias\/wp-content\/uploads\/2021\/09\/images-44-300x180.jpeg 300w\" sizes=\"auto, (max-width: 715px) 100vw, 715px\" \/><\/figure>\n","protected":false},"excerpt":{"rendered":"<p>A semana ser\u00e1 de julgamentos importantes sobre atos do presidente Jair Bolsonaro. No Supremo Tribunal Federal (STF), o ministro Alexandre de Moraes liberou para julgamento os processos sobre a pol\u00edtica armamentista do Governo Federal. A tend\u00eancia \u00e9 que o STF derrube as normas que ampliam o porte de armas no pa\u00eds. O STF come\u00e7ou a julgar sete a\u00e7\u00f5es contra decretos e normas sobre armas no plen\u00e1rio virtual. Esta semana tamb\u00e9m, o presidente do Senado, Rodrigo Pacheco (DEM-MG), deve devolver&hellip;<\/p>\n","protected":false},"author":1,"featured_media":22688,"comment_status":"open","ping_status":"open","sticky":false,"template":"","format":"standard","meta":{"footnotes":""},"categories":[1],"tags":[],"class_list":["post-22687","post","type-post","status-publish","format-standard","has-post-thumbnail","hentry","category-noticias"],"_links":{"self":[{"href":"https:\/\/blogdorogeriogomes.com.br\/noticias\/wp-json\/wp\/v2\/posts\/22687","targetHints":{"allow":["GET"]}}],"collection":[{"href":"https:\/\/blogdorogeriogomes.com.br\/noticias\/wp-json\/wp\/v2\/posts"}],"about":[{"href":"https:\/\/blogdorogeriogomes.com.br\/noticias\/wp-json\/wp\/v2\/types\/post"}],"author":[{"embeddable":true,"href":"https:\/\/blogdorogeriogomes.com.br\/noticias\/wp-json\/wp\/v2\/users\/1"}],"replies":[{"embeddable":true,"href":"https:\/\/blogdorogeriogomes.com.br\/noticias\/wp-json\/wp\/v2\/comments?post=22687"}],"version-history":[{"count":1,"href":"https:\/\/blogdorogeriogomes.com.br\/noticias\/wp-json\/wp\/v2\/posts\/22687\/revisions"}],"predecessor-version":[{"id":22689,"href":"https:\/\/blogdorogeriogomes.com.br\/noticias\/wp-json\/wp\/v2\/posts\/22687\/revisions\/22689"}],"wp:featuredmedia":[{"embeddable":true,"href":"https:\/\/blogdorogeriogomes.com.br\/noticias\/wp-json\/wp\/v2\/media\/22688"}],"wp:attachment":[{"href":"https:\/\/blogdorogeriogomes.com.br\/noticias\/wp-json\/wp\/v2\/media?parent=22687"}],"wp:term":[{"taxonomy":"category","embeddable":true,"href":"https:\/\/blogdorogeriogomes.com.br\/noticias\/wp-json\/wp\/v2\/categories?post=22687"},{"taxonomy":"post_tag","embeddable":true,"href":"https:\/\/blogdorogeriogomes.com.br\/noticias\/wp-json\/wp\/v2\/tags?post=22687"}],"curies":[{"name":"wp","href":"https:\/\/api.w.org\/{rel}","templated":true}]}}