{"id":22690,"date":"2021-09-13T10:32:12","date_gmt":"2021-09-13T10:32:12","guid":{"rendered":"https:\/\/blogdorogeriogomes.com.br\/?p=22690"},"modified":"2021-09-14T11:59:10","modified_gmt":"2021-09-14T11:59:10","slug":"cpi-da-covid-no-senado-retoma-a-fase-final-de-depoimentos-nesta-terca-feira","status":"publish","type":"post","link":"https:\/\/blogdorogeriogomes.com.br\/noticias\/2021\/09\/cpi-da-covid-no-senado-retoma-a-fase-final-de-depoimentos-nesta-terca-feira\/","title":{"rendered":"CPI da Covid no Senado retoma a fase final de depoimentos nesta ter\u00e7a-feira"},"content":{"rendered":"\n<p>A CPI da Covid no Senado Federal retoma a fase final de depoimentos, nesta ter\u00e7a-feira, dia 14 de setembro. A Comiss\u00e3o Parlamentar de Inqu\u00e9rito prev\u00ea ouvir o advogado e dono da Rede Brasil de Televis\u00e3o, Marcos Tolentino. Ele \u00e9 apontado na comiss\u00e3o como &#8220;s\u00f3cio oculto&#8221; do FIB Bank, empresa respons\u00e1vel por oferecer uma garantia considerada irregular por senadores do colegiado no neg\u00f3cio da Covaxin.<\/p>\n\n\n\n<p>J\u00e1 na quarta-feira, dia 15, a CPI prev\u00ea ouvir Marconny Albernaz de Faria, apontado como lobista da Precisa que teria ajudado a viabilizar o neg\u00f3cio da empresa com o Minist\u00e9rio da Sa\u00fade.<\/p>\n\n\n\n<figure class=\"wp-block-image size-large\"><img loading=\"lazy\" decoding=\"async\" width=\"680\" height=\"451\" src=\"https:\/\/blogdorogeriogomes.com.br\/wp-content\/uploads\/2021\/09\/images-45.jpeg\" alt=\"\" class=\"wp-image-22691\" srcset=\"https:\/\/blogdorogeriogomes.com.br\/noticias\/wp-content\/uploads\/2021\/09\/images-45.jpeg 680w, https:\/\/blogdorogeriogomes.com.br\/noticias\/wp-content\/uploads\/2021\/09\/images-45-300x199.jpeg 300w\" sizes=\"auto, (max-width: 680px) 100vw, 680px\" \/><\/figure>\n","protected":false},"excerpt":{"rendered":"<p>A CPI da Covid no Senado Federal retoma a fase final de depoimentos, nesta ter\u00e7a-feira, dia 14 de setembro. A Comiss\u00e3o Parlamentar de Inqu\u00e9rito prev\u00ea ouvir o advogado e dono da Rede Brasil de Televis\u00e3o, Marcos Tolentino. Ele \u00e9 apontado na comiss\u00e3o como &#8220;s\u00f3cio oculto&#8221; do FIB Bank, empresa respons\u00e1vel por oferecer uma garantia considerada irregular por senadores do colegiado no neg\u00f3cio da Covaxin. J\u00e1 na quarta-feira, dia 15, a CPI prev\u00ea ouvir Marconny Albernaz de Faria, apontado como&hellip;<\/p>\n","protected":false},"author":1,"featured_media":22691,"comment_status":"open","ping_status":"open","sticky":false,"template":"","format":"standard","meta":{"footnotes":""},"categories":[1],"tags":[],"class_list":["post-22690","post","type-post","status-publish","format-standard","has-post-thumbnail","hentry","category-noticias"],"_links":{"self":[{"href":"https:\/\/blogdorogeriogomes.com.br\/noticias\/wp-json\/wp\/v2\/posts\/22690","targetHints":{"allow":["GET"]}}],"collection":[{"href":"https:\/\/blogdorogeriogomes.com.br\/noticias\/wp-json\/wp\/v2\/posts"}],"about":[{"href":"https:\/\/blogdorogeriogomes.com.br\/noticias\/wp-json\/wp\/v2\/types\/post"}],"author":[{"embeddable":true,"href":"https:\/\/blogdorogeriogomes.com.br\/noticias\/wp-json\/wp\/v2\/users\/1"}],"replies":[{"embeddable":true,"href":"https:\/\/blogdorogeriogomes.com.br\/noticias\/wp-json\/wp\/v2\/comments?post=22690"}],"version-history":[{"count":1,"href":"https:\/\/blogdorogeriogomes.com.br\/noticias\/wp-json\/wp\/v2\/posts\/22690\/revisions"}],"predecessor-version":[{"id":22692,"href":"https:\/\/blogdorogeriogomes.com.br\/noticias\/wp-json\/wp\/v2\/posts\/22690\/revisions\/22692"}],"wp:featuredmedia":[{"embeddable":true,"href":"https:\/\/blogdorogeriogomes.com.br\/noticias\/wp-json\/wp\/v2\/media\/22691"}],"wp:attachment":[{"href":"https:\/\/blogdorogeriogomes.com.br\/noticias\/wp-json\/wp\/v2\/media?parent=22690"}],"wp:term":[{"taxonomy":"category","embeddable":true,"href":"https:\/\/blogdorogeriogomes.com.br\/noticias\/wp-json\/wp\/v2\/categories?post=22690"},{"taxonomy":"post_tag","embeddable":true,"href":"https:\/\/blogdorogeriogomes.com.br\/noticias\/wp-json\/wp\/v2\/tags?post=22690"}],"curies":[{"name":"wp","href":"https:\/\/api.w.org\/{rel}","templated":true}]}}