{"id":22695,"date":"2021-09-13T21:03:41","date_gmt":"2021-09-13T21:03:41","guid":{"rendered":"https:\/\/blogdorogeriogomes.com.br\/?p=22695"},"modified":"2021-09-14T11:59:01","modified_gmt":"2021-09-14T11:59:01","slug":"cobrado-por-governadores-ministro-da-saude-volta-a-culpar-estados-por-falta-de-vacinas-para-a-segunda-dose","status":"publish","type":"post","link":"https:\/\/blogdorogeriogomes.com.br\/noticias\/2021\/09\/cobrado-por-governadores-ministro-da-saude-volta-a-culpar-estados-por-falta-de-vacinas-para-a-segunda-dose\/","title":{"rendered":"Cobrado por governadores, Ministro da Sa\u00fade volta a culpar estados por falta de vacinas para a segunda dose"},"content":{"rendered":"\n<p>A falta de vacina AstraZeneca contra a Covid-19 para aplica\u00e7\u00e3o da segunda dose volta a gerar problemas em pelo menos cinco estados do Pa\u00eds. Questionado sobre o problema, o ministro da Sa\u00fade, Marcelo Queiroga, resolveu culpar os estados. Segundo ele, h\u00e1 unidades da federa\u00e7\u00e3o que n\u00e3o est\u00e3o cumprindo o Plano Nacional de Imuniza\u00e7\u00e3o (PNI). Cabe ao Minist\u00e9rio da Sa\u00fade fazer a libera\u00e7\u00e3o e o envio de doses para os estados. <\/p>\n\n\n\n<p>Queiroga diz que a campanha de vacina\u00e7\u00e3o no Brasil \u00e9 um &#8220;sucesso&#8221;, mas at\u00e9 agora apenas 35% da popula\u00e7\u00e3o foram imunizados totalmente com as duas doses necess\u00e1rias (AstraZeneca, CoronaVac e Pfizer) ou com a dose \u00fanica da Janssen.<\/p>\n\n\n\n<p>O ministro da Sa\u00fade afirmou que h\u00e1 &#8220;reclamadores cr\u00f4nicos&#8221; no pa\u00eds, mas n\u00e3o leva em conta que h\u00e1 pessoas que j\u00e1 passaram do prazo entre a primeira e segunda doses, porque n\u00e3o h\u00e1 imunizantes dispon\u00edveis nos postos de sa\u00fade. <\/p>\n\n\n\n<p>Governadores de S\u00e3o Paulo, Rio Grande do Norte, Tocantins, Rond\u00f4nia e Mato Grosso do Sul j\u00e1 apontam a falta da vacina AstraZeneca para a aplica\u00e7\u00e3o da segunda dose.<\/p>\n\n\n\n<figure class=\"wp-block-image size-large\"><img loading=\"lazy\" decoding=\"async\" width=\"679\" height=\"452\" src=\"https:\/\/blogdorogeriogomes.com.br\/wp-content\/uploads\/2021\/09\/images.jpeg\" alt=\"\" class=\"wp-image-22696\" srcset=\"https:\/\/blogdorogeriogomes.com.br\/noticias\/wp-content\/uploads\/2021\/09\/images.jpeg 679w, https:\/\/blogdorogeriogomes.com.br\/noticias\/wp-content\/uploads\/2021\/09\/images-300x200.jpeg 300w\" sizes=\"auto, (max-width: 679px) 100vw, 679px\" \/><\/figure>\n\n\n\n<p><\/p>\n","protected":false},"excerpt":{"rendered":"<p>A falta de vacina AstraZeneca contra a Covid-19 para aplica\u00e7\u00e3o da segunda dose volta a gerar problemas em pelo menos cinco estados do Pa\u00eds. Questionado sobre o problema, o ministro da Sa\u00fade, Marcelo Queiroga, resolveu culpar os estados. Segundo ele, h\u00e1 unidades da federa\u00e7\u00e3o que n\u00e3o est\u00e3o cumprindo o Plano Nacional de Imuniza\u00e7\u00e3o (PNI). Cabe ao Minist\u00e9rio da Sa\u00fade fazer a libera\u00e7\u00e3o e o envio de doses para os estados. Queiroga diz que a campanha de vacina\u00e7\u00e3o no Brasil&hellip;<\/p>\n","protected":false},"author":1,"featured_media":22696,"comment_status":"open","ping_status":"open","sticky":false,"template":"","format":"standard","meta":{"footnotes":""},"categories":[1],"tags":[],"class_list":["post-22695","post","type-post","status-publish","format-standard","has-post-thumbnail","hentry","category-noticias"],"_links":{"self":[{"href":"https:\/\/blogdorogeriogomes.com.br\/noticias\/wp-json\/wp\/v2\/posts\/22695","targetHints":{"allow":["GET"]}}],"collection":[{"href":"https:\/\/blogdorogeriogomes.com.br\/noticias\/wp-json\/wp\/v2\/posts"}],"about":[{"href":"https:\/\/blogdorogeriogomes.com.br\/noticias\/wp-json\/wp\/v2\/types\/post"}],"author":[{"embeddable":true,"href":"https:\/\/blogdorogeriogomes.com.br\/noticias\/wp-json\/wp\/v2\/users\/1"}],"replies":[{"embeddable":true,"href":"https:\/\/blogdorogeriogomes.com.br\/noticias\/wp-json\/wp\/v2\/comments?post=22695"}],"version-history":[{"count":1,"href":"https:\/\/blogdorogeriogomes.com.br\/noticias\/wp-json\/wp\/v2\/posts\/22695\/revisions"}],"predecessor-version":[{"id":22697,"href":"https:\/\/blogdorogeriogomes.com.br\/noticias\/wp-json\/wp\/v2\/posts\/22695\/revisions\/22697"}],"wp:featuredmedia":[{"embeddable":true,"href":"https:\/\/blogdorogeriogomes.com.br\/noticias\/wp-json\/wp\/v2\/media\/22696"}],"wp:attachment":[{"href":"https:\/\/blogdorogeriogomes.com.br\/noticias\/wp-json\/wp\/v2\/media?parent=22695"}],"wp:term":[{"taxonomy":"category","embeddable":true,"href":"https:\/\/blogdorogeriogomes.com.br\/noticias\/wp-json\/wp\/v2\/categories?post=22695"},{"taxonomy":"post_tag","embeddable":true,"href":"https:\/\/blogdorogeriogomes.com.br\/noticias\/wp-json\/wp\/v2\/tags?post=22695"}],"curies":[{"name":"wp","href":"https:\/\/api.w.org\/{rel}","templated":true}]}}