{"id":22698,"date":"2021-09-13T23:28:37","date_gmt":"2021-09-13T23:28:37","guid":{"rendered":"https:\/\/blogdorogeriogomes.com.br\/?p=22698"},"modified":"2021-09-14T11:58:50","modified_gmt":"2021-09-14T11:58:50","slug":"pre-candidatos-ao-governo-do-estado-ja-circulam-em-eventos-pelo-interior-cearense","status":"publish","type":"post","link":"https:\/\/blogdorogeriogomes.com.br\/noticias\/2021\/09\/pre-candidatos-ao-governo-do-estado-ja-circulam-em-eventos-pelo-interior-cearense\/","title":{"rendered":"Pr\u00e9 candidatos ao Governo do Estado j\u00e1 circulam em eventos pelo interior cearense"},"content":{"rendered":"\n<p>A sucess\u00e3o do governador Camilo Santana s\u00f3 acontecer\u00e1 em 2022, mas os pr\u00e9 candidatos que almejam o seu posto no Pal\u00e1cio da Aboli\u00e7\u00e3o j\u00e1 circulam pelos munic\u00edpios do interior do Cear\u00e1 em eventos pol\u00edticos. <\/p>\n\n\n\n<p>Pelo lado da situa\u00e7\u00e3o, o ex-prefeito de Fortaleza, Roberto Cl\u00e1udio (PDT); o atual presidente da Assembleia Legislativa, Evandro Leit\u00e3o (PDT); e o secret\u00e1rio estadual Mauro Filho (PDT), estiveram em eventos partid\u00e1rios pelo Cariri. Passaram por Crato, Barbalha, Brejo Santo e Miss\u00e3o Velha no fim de semana.<\/p>\n\n\n\n<p>O presidente da AL, Evandro Leit\u00e3o, reuniu tamb\u00e9m lideran\u00e7as pol\u00edticas locais, nesta segunda-feira, dia 13 de setembro, para o I F\u00f3rum sobre Seguran\u00e7a P\u00fablica da Regi\u00e3o Cariri Oeste. O evento foi realizado no munic\u00edpio de Campos Sales, mas contou tamb\u00e9m com participa\u00e7\u00e3o de pol\u00edticos de Salitre e Araripe. O secret\u00e1rio Mauro Filho (na foto ao lado de Evandro) esteve tamb\u00e9m neste evento. <\/p>\n\n\n\n<p>Pelo lado da oposi\u00e7\u00e3o, o deputado federal Capit\u00e3o Wagner (PROS), que tamb\u00e9m se apresenta como pr\u00e9 candidato ao Governo do Cear\u00e1 em 2022, circulou pela Zona Norte do Estado no \u00faltimo fim de semana. Sobral, Massap\u00ea, Ubajara e Tiangu\u00e1 estiveram no roteiro. Wagner esteve acompanhado de opositores do grupo dos irm\u00e3os Cid e Ciro Gomes na regi\u00e3o.<\/p>\n\n\n\n<figure class=\"wp-block-image size-large\"><img loading=\"lazy\" decoding=\"async\" width=\"1024\" height=\"681\" src=\"https:\/\/blogdorogeriogomes.com.br\/wp-content\/uploads\/2021\/09\/IMG-20210913-WA0093.jpg\" alt=\"\" class=\"wp-image-22699\" srcset=\"https:\/\/blogdorogeriogomes.com.br\/noticias\/wp-content\/uploads\/2021\/09\/IMG-20210913-WA0093.jpg 1024w, https:\/\/blogdorogeriogomes.com.br\/noticias\/wp-content\/uploads\/2021\/09\/IMG-20210913-WA0093-300x200.jpg 300w, https:\/\/blogdorogeriogomes.com.br\/noticias\/wp-content\/uploads\/2021\/09\/IMG-20210913-WA0093-768x511.jpg 768w, https:\/\/blogdorogeriogomes.com.br\/noticias\/wp-content\/uploads\/2021\/09\/IMG-20210913-WA0093-800x532.jpg 800w\" sizes=\"auto, (max-width: 1024px) 100vw, 1024px\" \/><\/figure>\n","protected":false},"excerpt":{"rendered":"<p>A sucess\u00e3o do governador Camilo Santana s\u00f3 acontecer\u00e1 em 2022, mas os pr\u00e9 candidatos que almejam o seu posto no Pal\u00e1cio da Aboli\u00e7\u00e3o j\u00e1 circulam pelos munic\u00edpios do interior do Cear\u00e1 em eventos pol\u00edticos. Pelo lado da situa\u00e7\u00e3o, o ex-prefeito de Fortaleza, Roberto Cl\u00e1udio (PDT); o atual presidente da Assembleia Legislativa, Evandro Leit\u00e3o (PDT); e o secret\u00e1rio estadual Mauro Filho (PDT), estiveram em eventos partid\u00e1rios pelo Cariri. Passaram por Crato, Barbalha, Brejo Santo e Miss\u00e3o Velha no fim de&hellip;<\/p>\n","protected":false},"author":1,"featured_media":22699,"comment_status":"open","ping_status":"open","sticky":false,"template":"","format":"standard","meta":{"footnotes":""},"categories":[1],"tags":[],"class_list":["post-22698","post","type-post","status-publish","format-standard","has-post-thumbnail","hentry","category-noticias"],"_links":{"self":[{"href":"https:\/\/blogdorogeriogomes.com.br\/noticias\/wp-json\/wp\/v2\/posts\/22698","targetHints":{"allow":["GET"]}}],"collection":[{"href":"https:\/\/blogdorogeriogomes.com.br\/noticias\/wp-json\/wp\/v2\/posts"}],"about":[{"href":"https:\/\/blogdorogeriogomes.com.br\/noticias\/wp-json\/wp\/v2\/types\/post"}],"author":[{"embeddable":true,"href":"https:\/\/blogdorogeriogomes.com.br\/noticias\/wp-json\/wp\/v2\/users\/1"}],"replies":[{"embeddable":true,"href":"https:\/\/blogdorogeriogomes.com.br\/noticias\/wp-json\/wp\/v2\/comments?post=22698"}],"version-history":[{"count":1,"href":"https:\/\/blogdorogeriogomes.com.br\/noticias\/wp-json\/wp\/v2\/posts\/22698\/revisions"}],"predecessor-version":[{"id":22700,"href":"https:\/\/blogdorogeriogomes.com.br\/noticias\/wp-json\/wp\/v2\/posts\/22698\/revisions\/22700"}],"wp:featuredmedia":[{"embeddable":true,"href":"https:\/\/blogdorogeriogomes.com.br\/noticias\/wp-json\/wp\/v2\/media\/22699"}],"wp:attachment":[{"href":"https:\/\/blogdorogeriogomes.com.br\/noticias\/wp-json\/wp\/v2\/media?parent=22698"}],"wp:term":[{"taxonomy":"category","embeddable":true,"href":"https:\/\/blogdorogeriogomes.com.br\/noticias\/wp-json\/wp\/v2\/categories?post=22698"},{"taxonomy":"post_tag","embeddable":true,"href":"https:\/\/blogdorogeriogomes.com.br\/noticias\/wp-json\/wp\/v2\/tags?post=22698"}],"curies":[{"name":"wp","href":"https:\/\/api.w.org\/{rel}","templated":true}]}}