{"id":22701,"date":"2021-09-14T09:50:33","date_gmt":"2021-09-14T09:50:33","guid":{"rendered":"https:\/\/blogdorogeriogomes.com.br\/?p=22701"},"modified":"2021-09-14T11:58:40","modified_gmt":"2021-09-14T11:58:40","slug":"prefeitura-de-fortaleza-promete-capacitar-mais-de-12-mil-jovens-pelo-programa-juventude-digital","status":"publish","type":"post","link":"https:\/\/blogdorogeriogomes.com.br\/noticias\/2021\/09\/prefeitura-de-fortaleza-promete-capacitar-mais-de-12-mil-jovens-pelo-programa-juventude-digital\/","title":{"rendered":"Prefeitura de Fortaleza promete capacitar mais de 12 mil jovens pelo programa Juventude Digital"},"content":{"rendered":"\n<p>Come\u00e7ou a tramitar na C\u00e2mara Municipal, o projeto de lei que cria o Programa Juventude Digital. A mensagem foi enviada pelo prefeito Jos\u00e9 Sarto. Segundo ele, o projeto tem o objetivo de transformar a Capital em l\u00edder na economia digital do Pa\u00eds. O programa tem foco na inclus\u00e3o digital e na gera\u00e7\u00e3o de emprego e renda. A meta \u00e9 abrir 4 mil vagas para capacita\u00e7\u00e3o gratuita somente este ano e 12.500 por ano a partir de 2022.<\/p>\n\n\n\n<p>O Juventude Digital ser\u00e1 dividido em tr\u00eas eixos: JD 9\u00ba ano, voltado para alunos da rede municipal; JD Mercado, com cursos de programa\u00e7\u00e3o e design; e JD Games, com cursos espec\u00edficos na \u00e1rea de jogos digitais, em parceria com o Sebrae-CE. Todos ser\u00e3o gratuitos e realizados nos formatos online, presencial e h\u00edbrido.<\/p>\n\n\n\n<p>Ap\u00f3s aprova\u00e7\u00e3o do projeto na C\u00e2mara, a Prefeitura ir\u00e1 lan\u00e7ar um portal por onde os interessados poder\u00e3o se cadastrar para participar. Haver\u00e1 cursos de curta e longa dura\u00e7\u00e3o.<\/p>\n\n\n\n<figure class=\"wp-block-image size-large\"><img loading=\"lazy\" decoding=\"async\" width=\"512\" height=\"288\" src=\"https:\/\/blogdorogeriogomes.com.br\/wp-content\/uploads\/2021\/09\/images-1.jpeg\" alt=\"\" class=\"wp-image-22703\" srcset=\"https:\/\/blogdorogeriogomes.com.br\/noticias\/wp-content\/uploads\/2021\/09\/images-1.jpeg 512w, https:\/\/blogdorogeriogomes.com.br\/noticias\/wp-content\/uploads\/2021\/09\/images-1-300x169.jpeg 300w\" sizes=\"auto, (max-width: 512px) 100vw, 512px\" \/><\/figure>\n","protected":false},"excerpt":{"rendered":"<p>Come\u00e7ou a tramitar na C\u00e2mara Municipal, o projeto de lei que cria o Programa Juventude Digital. A mensagem foi enviada pelo prefeito Jos\u00e9 Sarto. Segundo ele, o projeto tem o objetivo de transformar a Capital em l\u00edder na economia digital do Pa\u00eds. O programa tem foco na inclus\u00e3o digital e na gera\u00e7\u00e3o de emprego e renda. A meta \u00e9 abrir 4 mil vagas para capacita\u00e7\u00e3o gratuita somente este ano e 12.500 por ano a partir de 2022. O Juventude&hellip;<\/p>\n","protected":false},"author":1,"featured_media":22703,"comment_status":"open","ping_status":"open","sticky":false,"template":"","format":"standard","meta":{"footnotes":""},"categories":[1],"tags":[],"class_list":["post-22701","post","type-post","status-publish","format-standard","has-post-thumbnail","hentry","category-noticias"],"_links":{"self":[{"href":"https:\/\/blogdorogeriogomes.com.br\/noticias\/wp-json\/wp\/v2\/posts\/22701","targetHints":{"allow":["GET"]}}],"collection":[{"href":"https:\/\/blogdorogeriogomes.com.br\/noticias\/wp-json\/wp\/v2\/posts"}],"about":[{"href":"https:\/\/blogdorogeriogomes.com.br\/noticias\/wp-json\/wp\/v2\/types\/post"}],"author":[{"embeddable":true,"href":"https:\/\/blogdorogeriogomes.com.br\/noticias\/wp-json\/wp\/v2\/users\/1"}],"replies":[{"embeddable":true,"href":"https:\/\/blogdorogeriogomes.com.br\/noticias\/wp-json\/wp\/v2\/comments?post=22701"}],"version-history":[{"count":1,"href":"https:\/\/blogdorogeriogomes.com.br\/noticias\/wp-json\/wp\/v2\/posts\/22701\/revisions"}],"predecessor-version":[{"id":22704,"href":"https:\/\/blogdorogeriogomes.com.br\/noticias\/wp-json\/wp\/v2\/posts\/22701\/revisions\/22704"}],"wp:featuredmedia":[{"embeddable":true,"href":"https:\/\/blogdorogeriogomes.com.br\/noticias\/wp-json\/wp\/v2\/media\/22703"}],"wp:attachment":[{"href":"https:\/\/blogdorogeriogomes.com.br\/noticias\/wp-json\/wp\/v2\/media?parent=22701"}],"wp:term":[{"taxonomy":"category","embeddable":true,"href":"https:\/\/blogdorogeriogomes.com.br\/noticias\/wp-json\/wp\/v2\/categories?post=22701"},{"taxonomy":"post_tag","embeddable":true,"href":"https:\/\/blogdorogeriogomes.com.br\/noticias\/wp-json\/wp\/v2\/tags?post=22701"}],"curies":[{"name":"wp","href":"https:\/\/api.w.org\/{rel}","templated":true}]}}