{"id":22705,"date":"2021-09-14T10:27:07","date_gmt":"2021-09-14T10:27:07","guid":{"rendered":"https:\/\/blogdorogeriogomes.com.br\/?p=22705"},"modified":"2021-09-14T11:58:32","modified_gmt":"2021-09-14T11:58:32","slug":"novas-turmas-de-alunos-em-fortaleza-voltam-as-salas-de-aula-na-medida-que-avanca-a-vacinacao-entre-os-adolescentes","status":"publish","type":"post","link":"https:\/\/blogdorogeriogomes.com.br\/noticias\/2021\/09\/novas-turmas-de-alunos-em-fortaleza-voltam-as-salas-de-aula-na-medida-que-avanca-a-vacinacao-entre-os-adolescentes\/","title":{"rendered":"Novas turmas de alunos em Fortaleza voltam \u00e0s salas de aula na medida que avan\u00e7a a vacina\u00e7\u00e3o entre os adolescentes"},"content":{"rendered":"\n<p>A retomada das aulas presenciais na rede p\u00fablica municipal avan\u00e7a em Fortaleza. Cerca de 68 mil alunos do 3\u00ba ao 5\u00ba ano do Ensino Fundamental e do Infantil I e II voltaram \u00e0s escolas da rede p\u00fablica de Fortaleza, nesta segunda-feira, dia 13 de setembro. Esta \u00e9 a segunda semana de retomada escalonada das atividades das escolas municipais. Turmas do Infantil III, IV e V e 1\u00ba e 2\u00ba anos do ensino fundamental retornaram \u00e0s salas de aula no \u00faltimo dia 8.<\/p>\n\n\n\n<p>Alunos do 6\u00ba ao 9\u00ba ano da rede municipal de ensino em Fortaleza devem voltar \u00e0s aulas presenciais, na pr\u00f3xima segunda-feira, dia 20.&nbsp;A Secretaria Municipal da Educa\u00e7\u00e3o (SME) avalia que do total de 75.768 estudantes na faixa et\u00e1ria entre 12 e 17 anos, 60.752 j\u00e1 est\u00e3o cadastrados no Sa\u00fade Digital para receber a vacina\u00e7\u00e3o contra a Covid-19. N\u00famero de cadastros corresponde a 80,18% do total de matriculados nessa faixa et\u00e1ria.<\/p>\n\n\n\n<p>Diante do avan\u00e7o da vacina\u00e7\u00e3o e queda nos indicadores de transmiss\u00e3o da Covid-19, a taxa de ocupa\u00e7\u00e3o das UTIs para pacientes com o novo coronav\u00edrus segue em queda no Cear\u00e1. O \u00edndice atual \u00e9 de apenas 37%.&nbsp;<\/p>\n\n\n\n<figure class=\"wp-block-image size-large\"><img loading=\"lazy\" decoding=\"async\" width=\"984\" height=\"647\" src=\"https:\/\/blogdorogeriogomes.com.br\/wp-content\/uploads\/2021\/09\/colegio-6.jpeg\" alt=\"\" class=\"wp-image-22706\" srcset=\"https:\/\/blogdorogeriogomes.com.br\/noticias\/wp-content\/uploads\/2021\/09\/colegio-6.jpeg 984w, https:\/\/blogdorogeriogomes.com.br\/noticias\/wp-content\/uploads\/2021\/09\/colegio-6-300x197.jpeg 300w, https:\/\/blogdorogeriogomes.com.br\/noticias\/wp-content\/uploads\/2021\/09\/colegio-6-768x505.jpeg 768w, https:\/\/blogdorogeriogomes.com.br\/noticias\/wp-content\/uploads\/2021\/09\/colegio-6-800x526.jpeg 800w\" sizes=\"auto, (max-width: 984px) 100vw, 984px\" \/><\/figure>\n","protected":false},"excerpt":{"rendered":"<p>A retomada das aulas presenciais na rede p\u00fablica municipal avan\u00e7a em Fortaleza. Cerca de 68 mil alunos do 3\u00ba ao 5\u00ba ano do Ensino Fundamental e do Infantil I e II voltaram \u00e0s escolas da rede p\u00fablica de Fortaleza, nesta segunda-feira, dia 13 de setembro. Esta \u00e9 a segunda semana de retomada escalonada das atividades das escolas municipais. Turmas do Infantil III, IV e V e 1\u00ba e 2\u00ba anos do ensino fundamental retornaram \u00e0s salas de aula no&hellip;<\/p>\n","protected":false},"author":1,"featured_media":22706,"comment_status":"open","ping_status":"open","sticky":false,"template":"","format":"standard","meta":{"footnotes":""},"categories":[1],"tags":[],"class_list":["post-22705","post","type-post","status-publish","format-standard","has-post-thumbnail","hentry","category-noticias"],"_links":{"self":[{"href":"https:\/\/blogdorogeriogomes.com.br\/noticias\/wp-json\/wp\/v2\/posts\/22705","targetHints":{"allow":["GET"]}}],"collection":[{"href":"https:\/\/blogdorogeriogomes.com.br\/noticias\/wp-json\/wp\/v2\/posts"}],"about":[{"href":"https:\/\/blogdorogeriogomes.com.br\/noticias\/wp-json\/wp\/v2\/types\/post"}],"author":[{"embeddable":true,"href":"https:\/\/blogdorogeriogomes.com.br\/noticias\/wp-json\/wp\/v2\/users\/1"}],"replies":[{"embeddable":true,"href":"https:\/\/blogdorogeriogomes.com.br\/noticias\/wp-json\/wp\/v2\/comments?post=22705"}],"version-history":[{"count":2,"href":"https:\/\/blogdorogeriogomes.com.br\/noticias\/wp-json\/wp\/v2\/posts\/22705\/revisions"}],"predecessor-version":[{"id":22708,"href":"https:\/\/blogdorogeriogomes.com.br\/noticias\/wp-json\/wp\/v2\/posts\/22705\/revisions\/22708"}],"wp:featuredmedia":[{"embeddable":true,"href":"https:\/\/blogdorogeriogomes.com.br\/noticias\/wp-json\/wp\/v2\/media\/22706"}],"wp:attachment":[{"href":"https:\/\/blogdorogeriogomes.com.br\/noticias\/wp-json\/wp\/v2\/media?parent=22705"}],"wp:term":[{"taxonomy":"category","embeddable":true,"href":"https:\/\/blogdorogeriogomes.com.br\/noticias\/wp-json\/wp\/v2\/categories?post=22705"},{"taxonomy":"post_tag","embeddable":true,"href":"https:\/\/blogdorogeriogomes.com.br\/noticias\/wp-json\/wp\/v2\/tags?post=22705"}],"curies":[{"name":"wp","href":"https:\/\/api.w.org\/{rel}","templated":true}]}}