{"id":22712,"date":"2021-09-14T23:00:25","date_gmt":"2021-09-14T23:00:25","guid":{"rendered":"https:\/\/blogdorogeriogomes.com.br\/?p=22712"},"modified":"2021-09-15T11:23:05","modified_gmt":"2021-09-15T11:23:05","slug":"rodrigo-pacheco-devolve-mp-das-fake-news-e-bolsonaro-sofre-mais-uma-derrota-no-embate-com-o-senado","status":"publish","type":"post","link":"https:\/\/blogdorogeriogomes.com.br\/noticias\/2021\/09\/rodrigo-pacheco-devolve-mp-das-fake-news-e-bolsonaro-sofre-mais-uma-derrota-no-embate-com-o-senado\/","title":{"rendered":"Rodrigo Pacheco devolve MP das Fake News e Bolsonaro sofre mais uma derrota no embate com o Senado"},"content":{"rendered":"\n<p>Como j\u00e1 se esperava, o presidente do Senado, Rodrigo Pacheco, decidiu nesta ter\u00e7a-feira, dia 14 de setembro, devolver ao Governo Federal a medida provis\u00f3ria (MP) que limita a remo\u00e7\u00e3o de conte\u00fado publicado nas redes sociais. Foi mais uma derrota para o presidente Jair Bolsonaro que queria dificultar as a\u00e7\u00f5es das plataformas contra os conte\u00fados falsos publicados nas redes sociais por aliados bolsonaristas, muitos deles, j\u00e1 devidamente investigados no inqu\u00e9rito das fake news movido pelo ministro do STF, Alexandre de Moraes.<\/p>\n\n\n\n<p>Com a devolu\u00e7\u00e3o da MP por Pacheco, que \u00e9 o chefe do Poder Legislativo, as regras previstas na MP deixam de valer e n\u00e3o precisam mais nem ser analisadas pelo Congresso Nacional.<\/p>\n\n\n\n<p>Nesta segunda-feira, dia 13, o procurador-geral da Rep\u00fablica, Augusto Aras, tamb\u00e9m j\u00e1 havia se manifestado pela suspen\u00e7\u00e3o da medida provis\u00f3ria, editada por Jair Bolsonaro e j\u00e1 apontada como inconstitucional.<\/p>\n\n\n\n<p>No fim de agosto, o presidente do Senado, Rodrigo Pacheco, j\u00e1 tinha imposto outra derrota a Bolsonaro quando rejeitou o pedido de impeachment formalizado pelo presidente da Rep\u00fablica contra o ministro Alexandre de Moraes, do STF.<\/p>\n\n\n\n<figure class=\"wp-block-image size-large\"><img loading=\"lazy\" decoding=\"async\" width=\"716\" height=\"428\" src=\"https:\/\/blogdorogeriogomes.com.br\/wp-content\/uploads\/2021\/09\/images-2.jpeg\" alt=\"\" class=\"wp-image-22713\" srcset=\"https:\/\/blogdorogeriogomes.com.br\/noticias\/wp-content\/uploads\/2021\/09\/images-2.jpeg 716w, https:\/\/blogdorogeriogomes.com.br\/noticias\/wp-content\/uploads\/2021\/09\/images-2-300x179.jpeg 300w\" sizes=\"auto, (max-width: 716px) 100vw, 716px\" \/><\/figure>\n","protected":false},"excerpt":{"rendered":"<p>Como j\u00e1 se esperava, o presidente do Senado, Rodrigo Pacheco, decidiu nesta ter\u00e7a-feira, dia 14 de setembro, devolver ao Governo Federal a medida provis\u00f3ria (MP) que limita a remo\u00e7\u00e3o de conte\u00fado publicado nas redes sociais. Foi mais uma derrota para o presidente Jair Bolsonaro que queria dificultar as a\u00e7\u00f5es das plataformas contra os conte\u00fados falsos publicados nas redes sociais por aliados bolsonaristas, muitos deles, j\u00e1 devidamente investigados no inqu\u00e9rito das fake news movido pelo ministro do STF, Alexandre de&hellip;<\/p>\n","protected":false},"author":1,"featured_media":22713,"comment_status":"open","ping_status":"open","sticky":false,"template":"","format":"standard","meta":{"footnotes":""},"categories":[1],"tags":[],"class_list":["post-22712","post","type-post","status-publish","format-standard","has-post-thumbnail","hentry","category-noticias"],"_links":{"self":[{"href":"https:\/\/blogdorogeriogomes.com.br\/noticias\/wp-json\/wp\/v2\/posts\/22712","targetHints":{"allow":["GET"]}}],"collection":[{"href":"https:\/\/blogdorogeriogomes.com.br\/noticias\/wp-json\/wp\/v2\/posts"}],"about":[{"href":"https:\/\/blogdorogeriogomes.com.br\/noticias\/wp-json\/wp\/v2\/types\/post"}],"author":[{"embeddable":true,"href":"https:\/\/blogdorogeriogomes.com.br\/noticias\/wp-json\/wp\/v2\/users\/1"}],"replies":[{"embeddable":true,"href":"https:\/\/blogdorogeriogomes.com.br\/noticias\/wp-json\/wp\/v2\/comments?post=22712"}],"version-history":[{"count":1,"href":"https:\/\/blogdorogeriogomes.com.br\/noticias\/wp-json\/wp\/v2\/posts\/22712\/revisions"}],"predecessor-version":[{"id":22714,"href":"https:\/\/blogdorogeriogomes.com.br\/noticias\/wp-json\/wp\/v2\/posts\/22712\/revisions\/22714"}],"wp:featuredmedia":[{"embeddable":true,"href":"https:\/\/blogdorogeriogomes.com.br\/noticias\/wp-json\/wp\/v2\/media\/22713"}],"wp:attachment":[{"href":"https:\/\/blogdorogeriogomes.com.br\/noticias\/wp-json\/wp\/v2\/media?parent=22712"}],"wp:term":[{"taxonomy":"category","embeddable":true,"href":"https:\/\/blogdorogeriogomes.com.br\/noticias\/wp-json\/wp\/v2\/categories?post=22712"},{"taxonomy":"post_tag","embeddable":true,"href":"https:\/\/blogdorogeriogomes.com.br\/noticias\/wp-json\/wp\/v2\/tags?post=22712"}],"curies":[{"name":"wp","href":"https:\/\/api.w.org\/{rel}","templated":true}]}}