{"id":22715,"date":"2021-09-15T10:22:19","date_gmt":"2021-09-15T10:22:19","guid":{"rendered":"https:\/\/blogdorogeriogomes.com.br\/?p=22715"},"modified":"2021-09-15T11:22:53","modified_gmt":"2021-09-15T11:22:53","slug":"tasso-jereissati-admite-nao-concorrer-a-reeleicao-ao-senado-em-2022","status":"publish","type":"post","link":"https:\/\/blogdorogeriogomes.com.br\/noticias\/2021\/09\/tasso-jereissati-admite-nao-concorrer-a-reeleicao-ao-senado-em-2022\/","title":{"rendered":"Tasso Jereissati admite n\u00e3o concorrer \u00e0 reelei\u00e7\u00e3o ao Senado em 2022"},"content":{"rendered":"\n<p>Nas elei\u00e7\u00f5es para o Senado em 2022 haver\u00e1 uma vaga dispon\u00edvel para o Cear\u00e1. O senador Tasso Jereissati (PSDB) completa o seu mandato de oito anos. Nesta ter\u00e7a-feira, dia 14 de setembro, ele admitiu que n\u00e3o deve ser candidato \u00e0 reelei\u00e7\u00e3o. \u201cN\u00e3o vou disputar. Estou com 72 anos, quero ficar com minha fam\u00edlia, com meus netos. Tem uma hora que a gente tem que parar\u201d, declarou Tasso ao site Metr\u00f3poles.<\/p>\n\n\n\n<p>Tasso tem se apresentado como pr\u00e9-candidato nas pr\u00e9vias em que o PSDB escolher\u00e1 o candidato do partido \u00e0 Presid\u00eancia da Rep\u00fablica. No entanto, \u00e9 mais prov\u00e1vel que ele venha a apoiar no partido o nome do governador do Rio Grande do Sul, Eduardo Leite.<\/p>\n\n\n\n<p>Sem Tasso na corrida pelo Senado, o nome do atual governador Camilo Santana (PT) ganha ainda mais for\u00e7a para ficar com a vaga em 2022.<\/p>\n\n\n\n<figure class=\"wp-block-image size-large\"><img loading=\"lazy\" decoding=\"async\" width=\"680\" height=\"451\" src=\"https:\/\/blogdorogeriogomes.com.br\/wp-content\/uploads\/2021\/09\/images-3.jpeg\" alt=\"\" class=\"wp-image-22716\" srcset=\"https:\/\/blogdorogeriogomes.com.br\/noticias\/wp-content\/uploads\/2021\/09\/images-3.jpeg 680w, https:\/\/blogdorogeriogomes.com.br\/noticias\/wp-content\/uploads\/2021\/09\/images-3-300x199.jpeg 300w\" sizes=\"auto, (max-width: 680px) 100vw, 680px\" \/><\/figure>\n","protected":false},"excerpt":{"rendered":"<p>Nas elei\u00e7\u00f5es para o Senado em 2022 haver\u00e1 uma vaga dispon\u00edvel para o Cear\u00e1. O senador Tasso Jereissati (PSDB) completa o seu mandato de oito anos. Nesta ter\u00e7a-feira, dia 14 de setembro, ele admitiu que n\u00e3o deve ser candidato \u00e0 reelei\u00e7\u00e3o. \u201cN\u00e3o vou disputar. Estou com 72 anos, quero ficar com minha fam\u00edlia, com meus netos. Tem uma hora que a gente tem que parar\u201d, declarou Tasso ao site Metr\u00f3poles. Tasso tem se apresentado como pr\u00e9-candidato nas pr\u00e9vias em&hellip;<\/p>\n","protected":false},"author":1,"featured_media":22716,"comment_status":"open","ping_status":"open","sticky":false,"template":"","format":"standard","meta":{"footnotes":""},"categories":[1],"tags":[],"class_list":["post-22715","post","type-post","status-publish","format-standard","has-post-thumbnail","hentry","category-noticias"],"_links":{"self":[{"href":"https:\/\/blogdorogeriogomes.com.br\/noticias\/wp-json\/wp\/v2\/posts\/22715","targetHints":{"allow":["GET"]}}],"collection":[{"href":"https:\/\/blogdorogeriogomes.com.br\/noticias\/wp-json\/wp\/v2\/posts"}],"about":[{"href":"https:\/\/blogdorogeriogomes.com.br\/noticias\/wp-json\/wp\/v2\/types\/post"}],"author":[{"embeddable":true,"href":"https:\/\/blogdorogeriogomes.com.br\/noticias\/wp-json\/wp\/v2\/users\/1"}],"replies":[{"embeddable":true,"href":"https:\/\/blogdorogeriogomes.com.br\/noticias\/wp-json\/wp\/v2\/comments?post=22715"}],"version-history":[{"count":1,"href":"https:\/\/blogdorogeriogomes.com.br\/noticias\/wp-json\/wp\/v2\/posts\/22715\/revisions"}],"predecessor-version":[{"id":22717,"href":"https:\/\/blogdorogeriogomes.com.br\/noticias\/wp-json\/wp\/v2\/posts\/22715\/revisions\/22717"}],"wp:featuredmedia":[{"embeddable":true,"href":"https:\/\/blogdorogeriogomes.com.br\/noticias\/wp-json\/wp\/v2\/media\/22716"}],"wp:attachment":[{"href":"https:\/\/blogdorogeriogomes.com.br\/noticias\/wp-json\/wp\/v2\/media?parent=22715"}],"wp:term":[{"taxonomy":"category","embeddable":true,"href":"https:\/\/blogdorogeriogomes.com.br\/noticias\/wp-json\/wp\/v2\/categories?post=22715"},{"taxonomy":"post_tag","embeddable":true,"href":"https:\/\/blogdorogeriogomes.com.br\/noticias\/wp-json\/wp\/v2\/tags?post=22715"}],"curies":[{"name":"wp","href":"https:\/\/api.w.org\/{rel}","templated":true}]}}