{"id":22718,"date":"2021-09-15T11:11:19","date_gmt":"2021-09-15T11:11:19","guid":{"rendered":"https:\/\/blogdorogeriogomes.com.br\/?p=22718"},"modified":"2021-09-15T11:39:13","modified_gmt":"2021-09-15T11:39:13","slug":"apos-retorno-ao-ceara-roberto-claudio-instensifica-contatos-politicos-de-olho-em-2022","status":"publish","type":"post","link":"https:\/\/blogdorogeriogomes.com.br\/noticias\/2021\/09\/apos-retorno-ao-ceara-roberto-claudio-instensifica-contatos-politicos-de-olho-em-2022\/","title":{"rendered":"Ap\u00f3s retorno ao Cear\u00e1, Roberto Cl\u00e1udio intensifica contatos pol\u00edticos de olho em 2022"},"content":{"rendered":"\n<p>O ex-prefeito de Fortaleza, Roberto Cl\u00e1udio, passou um per\u00edodo de estudos em S\u00e3o Paulo ap\u00f3s deixar o cargo. Agora, est\u00e1 de volta ao Cear\u00e1 e busca intensificar os contatos pol\u00edticos de olho nas elei\u00e7\u00f5es de 2022. RC \u00e9 um dos pr\u00e9-candidatos ao Governo do Estado pelo PDT. No partido, h\u00e1 ainda a vice-governadora Izolda Cela, que tamb\u00e9m \u00e9 cotada. Esta semana, ela refor\u00e7ou a necessidade de se manter a alian\u00e7a de PDT e PT. O presidente da Assembleia Legislativa, Evandro Leit\u00e3o, e o deputado federal Mauro Filho completam os cotados a concorrer ao Governo Estadual pelo PDT.<\/p>\n\n\n\n<p>Ap\u00f3s se encontrar com o prefeito de Fortaleza, Jos\u00e9 Sarto (PDT), h\u00e1 alguns dias, Roberto Cl\u00e1udio fez uma visita nesta ter\u00e7a-feira, dia 14 de setembro, ao presidente da C\u00e2mara Municipal de Fortaleza, Ant\u00f4nio Henrique (PDT). Os dois conversaram sobre os desafios para o desenvolvimento da Capital e sobre o cen\u00e1rio pol\u00edtico para 2022. Roberto Cl\u00e1udio dever\u00e1 intensificar os contatos pol\u00edticos em munic\u00edpios do interior, onde busca se tornar mais conhecido. <\/p>\n\n\n\n<p>At\u00e9 o pr\u00f3ximo ano, o PDT tem o desafio de tra\u00e7ar como ficar\u00e1 o palanque no Cear\u00e1 para as disputas do Governo do Estado e para a presid\u00eancia da Rep\u00fablica. O partido dever\u00e1 ter Ciro Gomes concorrendo ao Planalto. O PT deve ir com Lula e tem o governador Camilo Santana como aliado. Resta saber como ficar\u00e1 a parceria PDT e PT para 2022 no Cear\u00e1.<\/p>\n\n\n\n<figure class=\"wp-block-image size-large\"><img loading=\"lazy\" decoding=\"async\" width=\"418\" height=\"314\" src=\"https:\/\/blogdorogeriogomes.com.br\/wp-content\/uploads\/2021\/09\/RC.jpg\" alt=\"\" class=\"wp-image-22719\" srcset=\"https:\/\/blogdorogeriogomes.com.br\/noticias\/wp-content\/uploads\/2021\/09\/RC.jpg 418w, https:\/\/blogdorogeriogomes.com.br\/noticias\/wp-content\/uploads\/2021\/09\/RC-300x225.jpg 300w, https:\/\/blogdorogeriogomes.com.br\/noticias\/wp-content\/uploads\/2021\/09\/RC-400x300.jpg 400w\" sizes=\"auto, (max-width: 418px) 100vw, 418px\" \/><\/figure>\n","protected":false},"excerpt":{"rendered":"<p>O ex-prefeito de Fortaleza, Roberto Cl\u00e1udio, passou um per\u00edodo de estudos em S\u00e3o Paulo ap\u00f3s deixar o cargo. Agora, est\u00e1 de volta ao Cear\u00e1 e busca intensificar os contatos pol\u00edticos de olho nas elei\u00e7\u00f5es de 2022. RC \u00e9 um dos pr\u00e9-candidatos ao Governo do Estado pelo PDT. No partido, h\u00e1 ainda a vice-governadora Izolda Cela, que tamb\u00e9m \u00e9 cotada. Esta semana, ela refor\u00e7ou a necessidade de se manter a alian\u00e7a de PDT e PT. O presidente da Assembleia Legislativa,&hellip;<\/p>\n","protected":false},"author":1,"featured_media":22719,"comment_status":"open","ping_status":"open","sticky":false,"template":"","format":"standard","meta":{"footnotes":""},"categories":[1],"tags":[],"class_list":["post-22718","post","type-post","status-publish","format-standard","has-post-thumbnail","hentry","category-noticias"],"_links":{"self":[{"href":"https:\/\/blogdorogeriogomes.com.br\/noticias\/wp-json\/wp\/v2\/posts\/22718","targetHints":{"allow":["GET"]}}],"collection":[{"href":"https:\/\/blogdorogeriogomes.com.br\/noticias\/wp-json\/wp\/v2\/posts"}],"about":[{"href":"https:\/\/blogdorogeriogomes.com.br\/noticias\/wp-json\/wp\/v2\/types\/post"}],"author":[{"embeddable":true,"href":"https:\/\/blogdorogeriogomes.com.br\/noticias\/wp-json\/wp\/v2\/users\/1"}],"replies":[{"embeddable":true,"href":"https:\/\/blogdorogeriogomes.com.br\/noticias\/wp-json\/wp\/v2\/comments?post=22718"}],"version-history":[{"count":2,"href":"https:\/\/blogdorogeriogomes.com.br\/noticias\/wp-json\/wp\/v2\/posts\/22718\/revisions"}],"predecessor-version":[{"id":22722,"href":"https:\/\/blogdorogeriogomes.com.br\/noticias\/wp-json\/wp\/v2\/posts\/22718\/revisions\/22722"}],"wp:featuredmedia":[{"embeddable":true,"href":"https:\/\/blogdorogeriogomes.com.br\/noticias\/wp-json\/wp\/v2\/media\/22719"}],"wp:attachment":[{"href":"https:\/\/blogdorogeriogomes.com.br\/noticias\/wp-json\/wp\/v2\/media?parent=22718"}],"wp:term":[{"taxonomy":"category","embeddable":true,"href":"https:\/\/blogdorogeriogomes.com.br\/noticias\/wp-json\/wp\/v2\/categories?post=22718"},{"taxonomy":"post_tag","embeddable":true,"href":"https:\/\/blogdorogeriogomes.com.br\/noticias\/wp-json\/wp\/v2\/tags?post=22718"}],"curies":[{"name":"wp","href":"https:\/\/api.w.org\/{rel}","templated":true}]}}