{"id":22723,"date":"2021-09-15T15:52:15","date_gmt":"2021-09-15T15:52:15","guid":{"rendered":"https:\/\/blogdorogeriogomes.com.br\/?p=22723"},"modified":"2021-09-16T12:22:16","modified_gmt":"2021-09-16T12:22:16","slug":"pacto-pelo-saneamento-basico-da-al-realiza-seminario-sobre-limpeza-urbana","status":"publish","type":"post","link":"https:\/\/blogdorogeriogomes.com.br\/noticias\/2021\/09\/pacto-pelo-saneamento-basico-da-al-realiza-seminario-sobre-limpeza-urbana\/","title":{"rendered":"Pacto pelo Saneamento B\u00e1sico da AL realiza semin\u00e1rio sobre limpeza urbana"},"content":{"rendered":"\n<p>A Assembleia Legislativa do Estado do Cear\u00e1, por meio do Conselho de Altos Estudos e Assuntos Estrat\u00e9gicos, realiza nesta quarta-feira e quinta-feira, 15 e 16 de setembro, a 5\u00aa edi\u00e7\u00e3o do ciclo de Semin\u00e1rios Tem\u00e1ticos do Pacto pelo Saneamento B\u00e1sico. Neste encontro, o tema em discuss\u00e3o ser\u00e1 \u201cLimpeza Urbana e Manejo de Res\u00edduos S\u00f3lidos\u201d. A proposta \u00e9 identificar estrat\u00e9gias, programas, projetos e a\u00e7\u00f5es que possam contribuir para a supera\u00e7\u00e3o dos desafios apontados na etapa inicial da constru\u00e7\u00e3o do \u201cCen\u00e1rio Atual do Saneamento B\u00e1sico do Cear\u00e1\u201d, visando \u00e0 universaliza\u00e7\u00e3o do servi\u00e7o. A pr\u00f3xima e \u00faltima edi\u00e7\u00e3o, que ser\u00e1 realizada nos dias 29 e 30 de setembro, abordar\u00e1 o tema \u201cEduca\u00e7\u00e3o Ambiental para o Saneamento B\u00e1sico\u201d.<br>Segundo a coordenadora t\u00e9cnica do Pacto, Rosana Garjulli, para o estado do Cear\u00e1 alcan\u00e7ar o acesso universal no componente res\u00edduos s\u00f3lidos do saneamento \u00e9 necess\u00e1rio que sejam superados desafios no tocante \u00e0 realiza\u00e7\u00e3o de investimentos em infraestrutura (medidas estruturais) e gest\u00e3o (medidas estruturantes). \u201cAdemais, \u00e9 preciso focar no enfrentamento dos principais desafios no sentido de priorizar as a\u00e7\u00f5es a serem estabelecidas pelos entes p\u00fablicos e privados relacionados ao setor\u201d, destaca. No que se refere \u00e0s medidas estruturais, os principais desafios s\u00e3o a realiza\u00e7\u00e3o investimentos nas pol\u00edticas de pr\u00e9-aterro; execu\u00e7\u00e3o de investimentos em solu\u00e7\u00f5es de disposi\u00e7\u00e3o final ambientalmente adequada de rejeitos com recupera\u00e7\u00e3o energ\u00e9tica em parceria com o setor privado e fechamento de \u00e1reas degradadas por disposi\u00e7\u00e3o de res\u00edduos, os lix\u00f5es.<br>J\u00e1 em rela\u00e7\u00e3o \u00e0s medidas estruturantes os desafios fundamentais s\u00e3o realizar a cobran\u00e7a pela presta\u00e7\u00e3o dos servi\u00e7os de manejo de res\u00edduos s\u00f3lidos nos termos da Lei N\u00ba 11.445\/2007, para alcan\u00e7ar a sustentabilidade na presta\u00e7\u00e3o destes servi\u00e7os; estruturar os quadros de pessoal t\u00e9cnico para a gest\u00e3o dos res\u00edduos s\u00f3lidos, em quantidade e qualidade, considerando as tr\u00eas esferas de atua\u00e7\u00e3o (Governo do estado, cons\u00f3rcios e prefeituras municipais); implementar o Sistema Estadual de Informa\u00e7\u00f5es para suporte \u00e0s decis\u00f5es do setor, bem como para monitoramento das metas e indicadores estabelecidos nos diversos planos de res\u00edduos; e estruturar a cadeia de reciclagem, desde o catador ao processador do recicl\u00e1vel, envolvendo a efetiva\u00e7\u00e3o dos acordos setoriais.<br>Diante da complexidade do tema, o encontro acontece em dois dias. Na quarta, dia 15, pela manh\u00e3, ser\u00e3o abordados os seguintes temas: \u201ceconomia circular e recupera\u00e7\u00e3o de res\u00edduos\u201d e \u201cgest\u00e3o de res\u00edduos s\u00f3lidos: experi\u00eancias municipais e de cons\u00f3rcios p\u00fablicos\u201d. No per\u00edodo da tarde, a pauta ser\u00e1 \u201cgest\u00e3o de res\u00edduos s\u00f3lidos: experi\u00eancias municipais e de cons\u00f3rcios p\u00fablicos\u201d. Na quinta-feira, dia 16, ser\u00e1 abordada a \u201cGest\u00e3o de Res\u00edduos S\u00f3lidos: Experi\u00eancias Municipais e de Cons\u00f3rcios P\u00fablicos\u201d.<br>Os Semin\u00e1rios Tem\u00e1ticos possibilitam o acesso a um conjunto de informa\u00e7\u00f5es de \u00f3rg\u00e3os p\u00fablicos nacionais, estaduais e de organismos internacionais; estrat\u00e9gias e experi\u00eancias exitosas de pol\u00edticas p\u00fablicas e de projetos desenvolvidos pela sociedade, al\u00e9m do conhecimento de tecnologias inovadoras e adequadas ao Saneamento B\u00e1sico. O conjunto de informa\u00e7\u00f5es e o painel de experi\u00eancias que est\u00e3o sendo apresentados nos semin\u00e1rios construir\u00e3o a base para a defini\u00e7\u00e3o dos programas estrat\u00e9gicos para condu\u00e7\u00e3o da pr\u00f3xima etapa do Pacto, quando ser\u00e3o estabelecidos os compromissos institucionais, nos n\u00edveis municipal, estadual e federal, visando \u00e0 universaliza\u00e7\u00e3o do servi\u00e7o.<\/p>\n\n\n\n<figure class=\"wp-block-image size-large\"><img loading=\"lazy\" decoding=\"async\" width=\"678\" height=\"452\" src=\"https:\/\/blogdorogeriogomes.com.br\/wp-content\/uploads\/2021\/09\/images-6.jpeg\" alt=\"\" class=\"wp-image-22724\" srcset=\"https:\/\/blogdorogeriogomes.com.br\/noticias\/wp-content\/uploads\/2021\/09\/images-6.jpeg 678w, https:\/\/blogdorogeriogomes.com.br\/noticias\/wp-content\/uploads\/2021\/09\/images-6-300x200.jpeg 300w\" sizes=\"auto, (max-width: 678px) 100vw, 678px\" \/><\/figure>\n","protected":false},"excerpt":{"rendered":"<p>A Assembleia Legislativa do Estado do Cear\u00e1, por meio do Conselho de Altos Estudos e Assuntos Estrat\u00e9gicos, realiza nesta quarta-feira e quinta-feira, 15 e 16 de setembro, a 5\u00aa edi\u00e7\u00e3o do ciclo de Semin\u00e1rios Tem\u00e1ticos do Pacto pelo Saneamento B\u00e1sico. Neste encontro, o tema em discuss\u00e3o ser\u00e1 \u201cLimpeza Urbana e Manejo de Res\u00edduos S\u00f3lidos\u201d. A proposta \u00e9 identificar estrat\u00e9gias, programas, projetos e a\u00e7\u00f5es que possam contribuir para a supera\u00e7\u00e3o dos desafios apontados na etapa inicial da constru\u00e7\u00e3o do \u201cCen\u00e1rio&hellip;<\/p>\n","protected":false},"author":1,"featured_media":22724,"comment_status":"open","ping_status":"open","sticky":false,"template":"","format":"standard","meta":{"footnotes":""},"categories":[1],"tags":[],"class_list":["post-22723","post","type-post","status-publish","format-standard","has-post-thumbnail","hentry","category-noticias"],"_links":{"self":[{"href":"https:\/\/blogdorogeriogomes.com.br\/noticias\/wp-json\/wp\/v2\/posts\/22723","targetHints":{"allow":["GET"]}}],"collection":[{"href":"https:\/\/blogdorogeriogomes.com.br\/noticias\/wp-json\/wp\/v2\/posts"}],"about":[{"href":"https:\/\/blogdorogeriogomes.com.br\/noticias\/wp-json\/wp\/v2\/types\/post"}],"author":[{"embeddable":true,"href":"https:\/\/blogdorogeriogomes.com.br\/noticias\/wp-json\/wp\/v2\/users\/1"}],"replies":[{"embeddable":true,"href":"https:\/\/blogdorogeriogomes.com.br\/noticias\/wp-json\/wp\/v2\/comments?post=22723"}],"version-history":[{"count":1,"href":"https:\/\/blogdorogeriogomes.com.br\/noticias\/wp-json\/wp\/v2\/posts\/22723\/revisions"}],"predecessor-version":[{"id":22725,"href":"https:\/\/blogdorogeriogomes.com.br\/noticias\/wp-json\/wp\/v2\/posts\/22723\/revisions\/22725"}],"wp:featuredmedia":[{"embeddable":true,"href":"https:\/\/blogdorogeriogomes.com.br\/noticias\/wp-json\/wp\/v2\/media\/22724"}],"wp:attachment":[{"href":"https:\/\/blogdorogeriogomes.com.br\/noticias\/wp-json\/wp\/v2\/media?parent=22723"}],"wp:term":[{"taxonomy":"category","embeddable":true,"href":"https:\/\/blogdorogeriogomes.com.br\/noticias\/wp-json\/wp\/v2\/categories?post=22723"},{"taxonomy":"post_tag","embeddable":true,"href":"https:\/\/blogdorogeriogomes.com.br\/noticias\/wp-json\/wp\/v2\/tags?post=22723"}],"curies":[{"name":"wp","href":"https:\/\/api.w.org\/{rel}","templated":true}]}}