{"id":22729,"date":"2021-09-15T23:17:21","date_gmt":"2021-09-15T23:17:21","guid":{"rendered":"https:\/\/blogdorogeriogomes.com.br\/?p=22729"},"modified":"2021-09-16T12:21:58","modified_gmt":"2021-09-16T12:21:58","slug":"apesar-do-avanco-na-vacinacao-ceara-registra-dois-casos-de-variante-colombiana","status":"publish","type":"post","link":"https:\/\/blogdorogeriogomes.com.br\/noticias\/2021\/09\/apesar-do-avanco-na-vacinacao-ceara-registra-dois-casos-de-variante-colombiana\/","title":{"rendered":"Apesar do avan\u00e7o na vacina\u00e7\u00e3o, Cear\u00e1 registra dois casos de variante colombiana"},"content":{"rendered":"\n<p>A vacina\u00e7\u00e3o contra a Covid-19 avan\u00e7a no Cear\u00e1 e no Brasil, mas os cuidados com as variantes do coronav\u00edrus continuam a preocupar os epidemiologistas. A Secretaria de Sa\u00fade do Cear\u00e1 (Sesa) confirmou, nesta quarta-feira, dia 15 de setembro, dois casos da variante Mu, originalmente encontrada na Col\u00f4mbia, em duas mulheres que moram em Fortaleza. Ela t\u00eam idades de 45 e 47 anos, tomaram apenas uma dose da vacina contra a Covid-19 e estiveram em viagem recente para a Col\u00f4mbia. As duas tiveram apenas sintomas gripais.<\/p>\n\n\n\n<p>Em rela\u00e7\u00e3o \u00e0 variante Delta, considerada mais contagiosa, h\u00e1 122 casos confirmados no Cear\u00e1.&nbsp;30 deles foram pessoas que passaram pelo Centro de Testagem (de Viajantes do Aeroporto Internacional de Fortaleza, onde 17 vieram do Rio de Janeiro.&nbsp;<\/p>\n\n\n\n<p>Um registro importante feito pela Sesa \u00e9 que somente 39 dos 122 pacientes identificados com a variante Delta foram vacinados contra a Covid-19. Destes, 20 receberam as duas doses ou dose \u00fanica. Por isso, a vacina, o uso da m\u00e1scara e os cuidados com a higiene ainda s\u00e3o as melhores formas de evitar a contamina\u00e7\u00e3o com novas variantes.<\/p>\n\n\n\n<figure class=\"wp-block-image size-large\"><img loading=\"lazy\" decoding=\"async\" width=\"750\" height=\"409\" src=\"https:\/\/blogdorogeriogomes.com.br\/wp-content\/uploads\/2021\/09\/images-7.jpeg\" alt=\"\" class=\"wp-image-22730\" srcset=\"https:\/\/blogdorogeriogomes.com.br\/noticias\/wp-content\/uploads\/2021\/09\/images-7.jpeg 750w, https:\/\/blogdorogeriogomes.com.br\/noticias\/wp-content\/uploads\/2021\/09\/images-7-300x164.jpeg 300w\" sizes=\"auto, (max-width: 750px) 100vw, 750px\" \/><\/figure>\n","protected":false},"excerpt":{"rendered":"<p>A vacina\u00e7\u00e3o contra a Covid-19 avan\u00e7a no Cear\u00e1 e no Brasil, mas os cuidados com as variantes do coronav\u00edrus continuam a preocupar os epidemiologistas. A Secretaria de Sa\u00fade do Cear\u00e1 (Sesa) confirmou, nesta quarta-feira, dia 15 de setembro, dois casos da variante Mu, originalmente encontrada na Col\u00f4mbia, em duas mulheres que moram em Fortaleza. Ela t\u00eam idades de 45 e 47 anos, tomaram apenas uma dose da vacina contra a Covid-19 e estiveram em viagem recente para a Col\u00f4mbia.&hellip;<\/p>\n","protected":false},"author":1,"featured_media":22730,"comment_status":"open","ping_status":"open","sticky":false,"template":"","format":"standard","meta":{"footnotes":""},"categories":[1],"tags":[],"class_list":["post-22729","post","type-post","status-publish","format-standard","has-post-thumbnail","hentry","category-noticias"],"_links":{"self":[{"href":"https:\/\/blogdorogeriogomes.com.br\/noticias\/wp-json\/wp\/v2\/posts\/22729","targetHints":{"allow":["GET"]}}],"collection":[{"href":"https:\/\/blogdorogeriogomes.com.br\/noticias\/wp-json\/wp\/v2\/posts"}],"about":[{"href":"https:\/\/blogdorogeriogomes.com.br\/noticias\/wp-json\/wp\/v2\/types\/post"}],"author":[{"embeddable":true,"href":"https:\/\/blogdorogeriogomes.com.br\/noticias\/wp-json\/wp\/v2\/users\/1"}],"replies":[{"embeddable":true,"href":"https:\/\/blogdorogeriogomes.com.br\/noticias\/wp-json\/wp\/v2\/comments?post=22729"}],"version-history":[{"count":2,"href":"https:\/\/blogdorogeriogomes.com.br\/noticias\/wp-json\/wp\/v2\/posts\/22729\/revisions"}],"predecessor-version":[{"id":22738,"href":"https:\/\/blogdorogeriogomes.com.br\/noticias\/wp-json\/wp\/v2\/posts\/22729\/revisions\/22738"}],"wp:featuredmedia":[{"embeddable":true,"href":"https:\/\/blogdorogeriogomes.com.br\/noticias\/wp-json\/wp\/v2\/media\/22730"}],"wp:attachment":[{"href":"https:\/\/blogdorogeriogomes.com.br\/noticias\/wp-json\/wp\/v2\/media?parent=22729"}],"wp:term":[{"taxonomy":"category","embeddable":true,"href":"https:\/\/blogdorogeriogomes.com.br\/noticias\/wp-json\/wp\/v2\/categories?post=22729"},{"taxonomy":"post_tag","embeddable":true,"href":"https:\/\/blogdorogeriogomes.com.br\/noticias\/wp-json\/wp\/v2\/tags?post=22729"}],"curies":[{"name":"wp","href":"https:\/\/api.w.org\/{rel}","templated":true}]}}