{"id":22735,"date":"2021-09-16T10:26:05","date_gmt":"2021-09-16T10:26:05","guid":{"rendered":"https:\/\/blogdorogeriogomes.com.br\/?p=22735"},"modified":"2021-09-16T12:21:42","modified_gmt":"2021-09-16T12:21:42","slug":"motociclistas-por-aplicativo-lutam-na-camara-dos-vereadores-por-regulamentacao-do-servico-em-fortaleza","status":"publish","type":"post","link":"https:\/\/blogdorogeriogomes.com.br\/noticias\/2021\/09\/motociclistas-por-aplicativo-lutam-na-camara-dos-vereadores-por-regulamentacao-do-servico-em-fortaleza\/","title":{"rendered":"Motociclistas por aplicativo lutam na C\u00e2mara dos Vereadores por regulamenta\u00e7\u00e3o do servi\u00e7o em Fortaleza"},"content":{"rendered":"\n<p>A C\u00e2mara Municipal de Fortaleza reuniu, nesta quarta-feira, dia 15 de setembro, motociclistas do servi\u00e7o de transporte de passageiros por aplicativo, que reivindicam a regulamenta\u00e7\u00e3o da atividade no Munic\u00edpio. A reuni\u00e3o foi presidida pelo vereador Prof. Enilson (Cidadania) e teve a participa\u00e7\u00e3o do Gardel Rolim (PDT), L\u00e9o Couto (PSB), M\u00e1rcio Martins (PROS), Emanuel Acr\u00edzio (PP), PP Cell (PSD), Gabriel Aguiar (Psol), K\u00e1tia Rodrigues (Cidadania) e Sargento Reginauro (PROS).<\/p>\n\n\n\n<p>Al\u00e9m de motociclistas que atuam como Moto Uber\u2019s, participaram da reuni\u00e3o outras categorias de trabalhadores que utilizam a motocicleta como principal instrumento de trabalho, como moto t\u00e1xi e motoboy. Eles pedem melhores condi\u00e7\u00f5es para o exerc\u00edcio das atividades, o fim da apreens\u00e3o dos ve\u00edculos e das multas excessivas.<\/p>\n\n\n\n<figure class=\"wp-block-image size-large\"><img loading=\"lazy\" decoding=\"async\" width=\"1024\" height=\"683\" src=\"https:\/\/blogdorogeriogomes.com.br\/wp-content\/uploads\/2021\/09\/ASM_0872-1024x683-1.jpg\" alt=\"\" class=\"wp-image-22736\" srcset=\"https:\/\/blogdorogeriogomes.com.br\/noticias\/wp-content\/uploads\/2021\/09\/ASM_0872-1024x683-1.jpg 1024w, https:\/\/blogdorogeriogomes.com.br\/noticias\/wp-content\/uploads\/2021\/09\/ASM_0872-1024x683-1-300x200.jpg 300w, https:\/\/blogdorogeriogomes.com.br\/noticias\/wp-content\/uploads\/2021\/09\/ASM_0872-1024x683-1-768x512.jpg 768w, https:\/\/blogdorogeriogomes.com.br\/noticias\/wp-content\/uploads\/2021\/09\/ASM_0872-1024x683-1-800x534.jpg 800w\" sizes=\"auto, (max-width: 1024px) 100vw, 1024px\" \/><\/figure>\n","protected":false},"excerpt":{"rendered":"<p>A C\u00e2mara Municipal de Fortaleza reuniu, nesta quarta-feira, dia 15 de setembro, motociclistas do servi\u00e7o de transporte de passageiros por aplicativo, que reivindicam a regulamenta\u00e7\u00e3o da atividade no Munic\u00edpio. A reuni\u00e3o foi presidida pelo vereador Prof. Enilson (Cidadania) e teve a participa\u00e7\u00e3o do Gardel Rolim (PDT), L\u00e9o Couto (PSB), M\u00e1rcio Martins (PROS), Emanuel Acr\u00edzio (PP), PP Cell (PSD), Gabriel Aguiar (Psol), K\u00e1tia Rodrigues (Cidadania) e Sargento Reginauro (PROS). Al\u00e9m de motociclistas que atuam como Moto Uber\u2019s, participaram da reuni\u00e3o&hellip;<\/p>\n","protected":false},"author":1,"featured_media":22736,"comment_status":"open","ping_status":"open","sticky":false,"template":"","format":"standard","meta":{"footnotes":""},"categories":[1],"tags":[],"class_list":["post-22735","post","type-post","status-publish","format-standard","has-post-thumbnail","hentry","category-noticias"],"_links":{"self":[{"href":"https:\/\/blogdorogeriogomes.com.br\/noticias\/wp-json\/wp\/v2\/posts\/22735","targetHints":{"allow":["GET"]}}],"collection":[{"href":"https:\/\/blogdorogeriogomes.com.br\/noticias\/wp-json\/wp\/v2\/posts"}],"about":[{"href":"https:\/\/blogdorogeriogomes.com.br\/noticias\/wp-json\/wp\/v2\/types\/post"}],"author":[{"embeddable":true,"href":"https:\/\/blogdorogeriogomes.com.br\/noticias\/wp-json\/wp\/v2\/users\/1"}],"replies":[{"embeddable":true,"href":"https:\/\/blogdorogeriogomes.com.br\/noticias\/wp-json\/wp\/v2\/comments?post=22735"}],"version-history":[{"count":1,"href":"https:\/\/blogdorogeriogomes.com.br\/noticias\/wp-json\/wp\/v2\/posts\/22735\/revisions"}],"predecessor-version":[{"id":22737,"href":"https:\/\/blogdorogeriogomes.com.br\/noticias\/wp-json\/wp\/v2\/posts\/22735\/revisions\/22737"}],"wp:featuredmedia":[{"embeddable":true,"href":"https:\/\/blogdorogeriogomes.com.br\/noticias\/wp-json\/wp\/v2\/media\/22736"}],"wp:attachment":[{"href":"https:\/\/blogdorogeriogomes.com.br\/noticias\/wp-json\/wp\/v2\/media?parent=22735"}],"wp:term":[{"taxonomy":"category","embeddable":true,"href":"https:\/\/blogdorogeriogomes.com.br\/noticias\/wp-json\/wp\/v2\/categories?post=22735"},{"taxonomy":"post_tag","embeddable":true,"href":"https:\/\/blogdorogeriogomes.com.br\/noticias\/wp-json\/wp\/v2\/tags?post=22735"}],"curies":[{"name":"wp","href":"https:\/\/api.w.org\/{rel}","templated":true}]}}