{"id":22740,"date":"2021-09-16T19:16:19","date_gmt":"2021-09-16T19:16:19","guid":{"rendered":"https:\/\/blogdorogeriogomes.com.br\/?p=22740"},"modified":"2021-09-17T09:17:54","modified_gmt":"2021-09-17T09:17:54","slug":"ministerio-da-saude-suspende-vacinacao-de-adolescentes-sem-cormobidades-secretarios-de-todo-o-pais-reagem-ao-recuo-de-marcelo-queiroga","status":"publish","type":"post","link":"https:\/\/blogdorogeriogomes.com.br\/noticias\/2021\/09\/ministerio-da-saude-suspende-vacinacao-de-adolescentes-sem-cormobidades-secretarios-de-todo-o-pais-reagem-ao-recuo-de-marcelo-queiroga\/","title":{"rendered":"Minist\u00e9rio da Sa\u00fade suspende vacina\u00e7\u00e3o de adolescentes sem cormobidades. Secret\u00e1rios de todo o Pa\u00eds reagem ao recuo de Marcelo Queiroga"},"content":{"rendered":"\n<p>Secret\u00e1rios de Sa\u00fade de todo o Brasil foram surpreendidos com a decis\u00e3o do Minist\u00e9rio de Sa\u00fade de suspender a vacina\u00e7\u00e3o contra Covid-19 na faixa et\u00e1ria entre 12 e 17 anos, que n\u00e3o tenha cormobidades. Desde o fim do m\u00eas de agosto, v\u00e1rios estados j\u00e1 imunizam os adolescentes que fazem parte do p\u00fablico que mais tem aglomerado ap\u00f3s as medidas de retomada econ\u00f4mica.<\/p>\n\n\n\n<p>Sem conseguir explicar a suspens\u00e3o com um motivo convincente, o ministro da Sa\u00fade, Marcelo Queiroga, afirmou que a aplica\u00e7\u00e3o da vacina contra Covid-19 em adolescentes foi feita de maneira &#8220;intempestiva&#8221; e criticou estados por n\u00e3o seguirem as orienta\u00e7\u00f5es federais. Queiroga criticou a pressa de estados e munic\u00edpios em querer imunizar os adolescentes. <\/p>\n\n\n\n<p>A rea\u00e7\u00e3o de secret\u00e1rios de sa\u00fade de todo o Pa\u00eds foi imediata. O Conass (Conselho Nacional de Secret\u00e1rios de Sa\u00fade) e o Conasems (Conselho Nacional de Secretarias Municipais de Sa\u00fade) argumentam que &#8220;a vacina\u00e7\u00e3o dos adolescentes cumpre importante papel na estrat\u00e9gia de controle da pandemia no Brasil. Segundo o pr\u00f3prio Minist\u00e9rio da Sa\u00fade, mais de 3 milh\u00f5es e 500 mil jovens j\u00e1 receberam a primeira dose da vacina contra o coronav\u00edrus no Pa\u00eds. A vacina recomendada para a faixa et\u00e1ria entre 12 e 17 anos \u00e9 a da Pfizer.<\/p>\n\n\n\n<p>Nas secretarias estaduais de sa\u00fade, a rea\u00e7\u00e3o foi de cr\u00edticas \u00e0 nota t\u00e9cnica do Minist\u00e9rio. Em S\u00e3o Paulo, o governo estadual j\u00e1 disse que vai manter o cronograma de vacina\u00e7\u00e3o do p\u00fablico adolescente. No Cear\u00e1, t\u00e9cnicos da Sesa e da Secretaria Municipal de Fortaleza devem se reunir para decidir o que ser\u00e1 feito a partir de agora em rela\u00e7\u00e3o ao processo de imuniza\u00e7\u00e3o dos jovens entre 12 e 17 anos.<\/p>\n\n\n\n<figure class=\"wp-block-image size-large\"><img loading=\"lazy\" decoding=\"async\" width=\"620\" height=\"413\" src=\"https:\/\/blogdorogeriogomes.com.br\/wp-content\/uploads\/2021\/09\/vacinacao_em_sc_estado_distribui_novas_doses_para_aplicacao_em_adolescentes_e_reforco_nos_idosos_20210913_1614753560.jpg\" alt=\"\" class=\"wp-image-22741\" srcset=\"https:\/\/blogdorogeriogomes.com.br\/noticias\/wp-content\/uploads\/2021\/09\/vacinacao_em_sc_estado_distribui_novas_doses_para_aplicacao_em_adolescentes_e_reforco_nos_idosos_20210913_1614753560.jpg 620w, https:\/\/blogdorogeriogomes.com.br\/noticias\/wp-content\/uploads\/2021\/09\/vacinacao_em_sc_estado_distribui_novas_doses_para_aplicacao_em_adolescentes_e_reforco_nos_idosos_20210913_1614753560-300x200.jpg 300w\" sizes=\"auto, (max-width: 620px) 100vw, 620px\" \/><\/figure>\n\n\n\n<p><br><\/p>\n","protected":false},"excerpt":{"rendered":"<p>Secret\u00e1rios de Sa\u00fade de todo o Brasil foram surpreendidos com a decis\u00e3o do Minist\u00e9rio de Sa\u00fade de suspender a vacina\u00e7\u00e3o contra Covid-19 na faixa et\u00e1ria entre 12 e 17 anos, que n\u00e3o tenha cormobidades. Desde o fim do m\u00eas de agosto, v\u00e1rios estados j\u00e1 imunizam os adolescentes que fazem parte do p\u00fablico que mais tem aglomerado ap\u00f3s as medidas de retomada econ\u00f4mica. Sem conseguir explicar a suspens\u00e3o com um motivo convincente, o ministro da Sa\u00fade, Marcelo Queiroga, afirmou que&hellip;<\/p>\n","protected":false},"author":1,"featured_media":22741,"comment_status":"open","ping_status":"open","sticky":false,"template":"","format":"standard","meta":{"footnotes":""},"categories":[1],"tags":[],"class_list":["post-22740","post","type-post","status-publish","format-standard","has-post-thumbnail","hentry","category-noticias"],"_links":{"self":[{"href":"https:\/\/blogdorogeriogomes.com.br\/noticias\/wp-json\/wp\/v2\/posts\/22740","targetHints":{"allow":["GET"]}}],"collection":[{"href":"https:\/\/blogdorogeriogomes.com.br\/noticias\/wp-json\/wp\/v2\/posts"}],"about":[{"href":"https:\/\/blogdorogeriogomes.com.br\/noticias\/wp-json\/wp\/v2\/types\/post"}],"author":[{"embeddable":true,"href":"https:\/\/blogdorogeriogomes.com.br\/noticias\/wp-json\/wp\/v2\/users\/1"}],"replies":[{"embeddable":true,"href":"https:\/\/blogdorogeriogomes.com.br\/noticias\/wp-json\/wp\/v2\/comments?post=22740"}],"version-history":[{"count":1,"href":"https:\/\/blogdorogeriogomes.com.br\/noticias\/wp-json\/wp\/v2\/posts\/22740\/revisions"}],"predecessor-version":[{"id":22742,"href":"https:\/\/blogdorogeriogomes.com.br\/noticias\/wp-json\/wp\/v2\/posts\/22740\/revisions\/22742"}],"wp:featuredmedia":[{"embeddable":true,"href":"https:\/\/blogdorogeriogomes.com.br\/noticias\/wp-json\/wp\/v2\/media\/22741"}],"wp:attachment":[{"href":"https:\/\/blogdorogeriogomes.com.br\/noticias\/wp-json\/wp\/v2\/media?parent=22740"}],"wp:term":[{"taxonomy":"category","embeddable":true,"href":"https:\/\/blogdorogeriogomes.com.br\/noticias\/wp-json\/wp\/v2\/categories?post=22740"},{"taxonomy":"post_tag","embeddable":true,"href":"https:\/\/blogdorogeriogomes.com.br\/noticias\/wp-json\/wp\/v2\/tags?post=22740"}],"curies":[{"name":"wp","href":"https:\/\/api.w.org\/{rel}","templated":true}]}}