{"id":22743,"date":"2021-09-16T20:36:58","date_gmt":"2021-09-16T20:36:58","guid":{"rendered":"https:\/\/blogdorogeriogomes.com.br\/?p=22743"},"modified":"2021-09-17T09:17:43","modified_gmt":"2021-09-17T09:17:43","slug":"nova-pesquisa-datafolha-mostra-aumento-na-rejeicao-ao-governo-bolsonaro-53-acham-ruim-ou-pessimo","status":"publish","type":"post","link":"https:\/\/blogdorogeriogomes.com.br\/noticias\/2021\/09\/nova-pesquisa-datafolha-mostra-aumento-na-rejeicao-ao-governo-bolsonaro-53-acham-ruim-ou-pessimo\/","title":{"rendered":"Nova pesquisa Datafolha mostra aumento na rejei\u00e7\u00e3o ao Governo Bolsonaro: 53% acham ruim ou p\u00e9ssimo"},"content":{"rendered":"\n<p>Passados os atos antidemocraticos de 7 de Setembro, o presidente Jair Bolsonaro volta a enfrentar mais queda na sua popularidade. Pesquisa divulgada pelo Datafolha, nesta quinta-feira, dia 16 de setembro, revela que o percentual de pessoas que consideram o Governo Bolsonaro ruim ou p\u00e9ssimo passou de 51% para 53%, levando em conta a consulta anterior.<\/p>\n\n\n\n<p>Para os que acham o governo \u00f3timo ou bom, o percentual caiu de 24% para 22%. Os que acham regular somam 24%, igual percentual da \u00faltima pesquisa.<\/p>\n\n\n\n<p>O levantamento ouviu presencialmente 3.667 pessoas entre 13 e 15 de setembro, uma semana ap\u00f3s as manifesta\u00e7\u00f5es golpistas, que foram convocadas por Jair Bolsonaro e seus aliados.<\/p>\n\n\n\n<figure class=\"wp-block-image size-large\"><img loading=\"lazy\" decoding=\"async\" width=\"675\" height=\"449\" src=\"https:\/\/blogdorogeriogomes.com.br\/wp-content\/uploads\/2021\/09\/images-9.jpeg\" alt=\"\" class=\"wp-image-22744\" srcset=\"https:\/\/blogdorogeriogomes.com.br\/noticias\/wp-content\/uploads\/2021\/09\/images-9.jpeg 675w, https:\/\/blogdorogeriogomes.com.br\/noticias\/wp-content\/uploads\/2021\/09\/images-9-300x200.jpeg 300w\" sizes=\"auto, (max-width: 675px) 100vw, 675px\" \/><\/figure>\n","protected":false},"excerpt":{"rendered":"<p>Passados os atos antidemocraticos de 7 de Setembro, o presidente Jair Bolsonaro volta a enfrentar mais queda na sua popularidade. Pesquisa divulgada pelo Datafolha, nesta quinta-feira, dia 16 de setembro, revela que o percentual de pessoas que consideram o Governo Bolsonaro ruim ou p\u00e9ssimo passou de 51% para 53%, levando em conta a consulta anterior. Para os que acham o governo \u00f3timo ou bom, o percentual caiu de 24% para 22%. Os que acham regular somam 24%, igual percentual&hellip;<\/p>\n","protected":false},"author":1,"featured_media":22744,"comment_status":"open","ping_status":"open","sticky":false,"template":"","format":"standard","meta":{"footnotes":""},"categories":[1],"tags":[],"class_list":["post-22743","post","type-post","status-publish","format-standard","has-post-thumbnail","hentry","category-noticias"],"_links":{"self":[{"href":"https:\/\/blogdorogeriogomes.com.br\/noticias\/wp-json\/wp\/v2\/posts\/22743","targetHints":{"allow":["GET"]}}],"collection":[{"href":"https:\/\/blogdorogeriogomes.com.br\/noticias\/wp-json\/wp\/v2\/posts"}],"about":[{"href":"https:\/\/blogdorogeriogomes.com.br\/noticias\/wp-json\/wp\/v2\/types\/post"}],"author":[{"embeddable":true,"href":"https:\/\/blogdorogeriogomes.com.br\/noticias\/wp-json\/wp\/v2\/users\/1"}],"replies":[{"embeddable":true,"href":"https:\/\/blogdorogeriogomes.com.br\/noticias\/wp-json\/wp\/v2\/comments?post=22743"}],"version-history":[{"count":1,"href":"https:\/\/blogdorogeriogomes.com.br\/noticias\/wp-json\/wp\/v2\/posts\/22743\/revisions"}],"predecessor-version":[{"id":22745,"href":"https:\/\/blogdorogeriogomes.com.br\/noticias\/wp-json\/wp\/v2\/posts\/22743\/revisions\/22745"}],"wp:featuredmedia":[{"embeddable":true,"href":"https:\/\/blogdorogeriogomes.com.br\/noticias\/wp-json\/wp\/v2\/media\/22744"}],"wp:attachment":[{"href":"https:\/\/blogdorogeriogomes.com.br\/noticias\/wp-json\/wp\/v2\/media?parent=22743"}],"wp:term":[{"taxonomy":"category","embeddable":true,"href":"https:\/\/blogdorogeriogomes.com.br\/noticias\/wp-json\/wp\/v2\/categories?post=22743"},{"taxonomy":"post_tag","embeddable":true,"href":"https:\/\/blogdorogeriogomes.com.br\/noticias\/wp-json\/wp\/v2\/tags?post=22743"}],"curies":[{"name":"wp","href":"https:\/\/api.w.org\/{rel}","templated":true}]}}