{"id":22747,"date":"2021-09-17T10:02:16","date_gmt":"2021-09-17T10:02:16","guid":{"rendered":"https:\/\/blogdorogeriogomes.com.br\/?p=22747"},"modified":"2021-09-17T16:24:19","modified_gmt":"2021-09-17T16:24:19","slug":"mesmo-com-recomendacao-contraria-do-ministerio-da-saude-ceara-decide-manter-vacinacao-de-adolescentes-contra-a-covid-19","status":"publish","type":"post","link":"https:\/\/blogdorogeriogomes.com.br\/noticias\/2021\/09\/mesmo-com-recomendacao-contraria-do-ministerio-da-saude-ceara-decide-manter-vacinacao-de-adolescentes-contra-a-covid-19\/","title":{"rendered":"Mesmo com recomenda\u00e7\u00e3o contr\u00e1ria do Minist\u00e9rio da Sa\u00fade, Cear\u00e1 decide manter vacina\u00e7\u00e3o de adolescentes contra a Covid-19"},"content":{"rendered":"\n<p>A Secretaria de Sa\u00fade do Cear\u00e1 (Sesa) decidiu que vai manter o esquema de vacina\u00e7\u00e3o de adolescentes na faixa et\u00e1ria entre 12 e 17 anos contra a Covid-19, mesmo ap\u00f3s a recomenda\u00e7\u00e3o t\u00e9cnica do Minist\u00e9rio da Sa\u00fade de suspender a imuniza\u00e7\u00e3o para este p\u00fablico. Outros 13 estados no Pa\u00eds tamb\u00e9m devem manter a imuniza\u00e7\u00e3o dos jovens.<\/p>\n\n\n\n<p>De acordo com o governador Camilo Santana, a decis\u00e3o foi tomada com base na resolu\u00e7\u00e3o da Comiss\u00e3o Intergestores Bipartite. Ele confirmou que o Cear\u00e1 j\u00e1 vacinou 196.835 adolescentes, sem registros de eventos adversos p\u00f3s-vacina\u00e7\u00e3o graves. A Sesa entende que a imuniza\u00e7\u00e3o desse grupo populacional \u00e9 fundamental para as metas de diminui\u00e7\u00e3o de circula\u00e7\u00e3o viral.<\/p>\n\n\n\n<p>A Ag\u00eancia Nacional de Vigil\u00e2ncia Sanit\u00e1ria (Anvisa) tamb\u00e9m \u00e9 contra a decis\u00e3o do Minist\u00e9rio da Sa\u00fade e afirma que n\u00e3o h\u00e1 &#8220;evid\u00eancias&#8221; que justifiquem a altera\u00e7\u00e3o da recomenda\u00e7\u00e3o para uso do imunizante da Pfizer em todos os adolescentes entre 12 e 17 anos.<\/p>\n\n\n\n<figure class=\"wp-block-image size-large\"><img loading=\"lazy\" decoding=\"async\" width=\"678\" height=\"452\" src=\"https:\/\/blogdorogeriogomes.com.br\/wp-content\/uploads\/2021\/09\/images-12.jpeg\" alt=\"\" class=\"wp-image-22748\" srcset=\"https:\/\/blogdorogeriogomes.com.br\/noticias\/wp-content\/uploads\/2021\/09\/images-12.jpeg 678w, https:\/\/blogdorogeriogomes.com.br\/noticias\/wp-content\/uploads\/2021\/09\/images-12-300x200.jpeg 300w\" sizes=\"auto, (max-width: 678px) 100vw, 678px\" \/><\/figure>\n","protected":false},"excerpt":{"rendered":"<p>A Secretaria de Sa\u00fade do Cear\u00e1 (Sesa) decidiu que vai manter o esquema de vacina\u00e7\u00e3o de adolescentes na faixa et\u00e1ria entre 12 e 17 anos contra a Covid-19, mesmo ap\u00f3s a recomenda\u00e7\u00e3o t\u00e9cnica do Minist\u00e9rio da Sa\u00fade de suspender a imuniza\u00e7\u00e3o para este p\u00fablico. Outros 13 estados no Pa\u00eds tamb\u00e9m devem manter a imuniza\u00e7\u00e3o dos jovens. De acordo com o governador Camilo Santana, a decis\u00e3o foi tomada com base na resolu\u00e7\u00e3o da Comiss\u00e3o Intergestores Bipartite. Ele confirmou que o&hellip;<\/p>\n","protected":false},"author":1,"featured_media":22748,"comment_status":"open","ping_status":"open","sticky":false,"template":"","format":"standard","meta":{"footnotes":""},"categories":[1],"tags":[],"class_list":["post-22747","post","type-post","status-publish","format-standard","has-post-thumbnail","hentry","category-noticias"],"_links":{"self":[{"href":"https:\/\/blogdorogeriogomes.com.br\/noticias\/wp-json\/wp\/v2\/posts\/22747","targetHints":{"allow":["GET"]}}],"collection":[{"href":"https:\/\/blogdorogeriogomes.com.br\/noticias\/wp-json\/wp\/v2\/posts"}],"about":[{"href":"https:\/\/blogdorogeriogomes.com.br\/noticias\/wp-json\/wp\/v2\/types\/post"}],"author":[{"embeddable":true,"href":"https:\/\/blogdorogeriogomes.com.br\/noticias\/wp-json\/wp\/v2\/users\/1"}],"replies":[{"embeddable":true,"href":"https:\/\/blogdorogeriogomes.com.br\/noticias\/wp-json\/wp\/v2\/comments?post=22747"}],"version-history":[{"count":1,"href":"https:\/\/blogdorogeriogomes.com.br\/noticias\/wp-json\/wp\/v2\/posts\/22747\/revisions"}],"predecessor-version":[{"id":22749,"href":"https:\/\/blogdorogeriogomes.com.br\/noticias\/wp-json\/wp\/v2\/posts\/22747\/revisions\/22749"}],"wp:featuredmedia":[{"embeddable":true,"href":"https:\/\/blogdorogeriogomes.com.br\/noticias\/wp-json\/wp\/v2\/media\/22748"}],"wp:attachment":[{"href":"https:\/\/blogdorogeriogomes.com.br\/noticias\/wp-json\/wp\/v2\/media?parent=22747"}],"wp:term":[{"taxonomy":"category","embeddable":true,"href":"https:\/\/blogdorogeriogomes.com.br\/noticias\/wp-json\/wp\/v2\/categories?post=22747"},{"taxonomy":"post_tag","embeddable":true,"href":"https:\/\/blogdorogeriogomes.com.br\/noticias\/wp-json\/wp\/v2\/tags?post=22747"}],"curies":[{"name":"wp","href":"https:\/\/api.w.org\/{rel}","templated":true}]}}