{"id":22753,"date":"2021-09-17T12:27:47","date_gmt":"2021-09-17T12:27:47","guid":{"rendered":"https:\/\/blogdorogeriogomes.com.br\/?p=22753"},"modified":"2021-09-17T16:24:00","modified_gmt":"2021-09-17T16:24:00","slug":"superintendencia-do-sistema-estadual-socioeducativo-aposta-em-capacitacao-para-gerar-oportunidades-para-jovens","status":"publish","type":"post","link":"https:\/\/blogdorogeriogomes.com.br\/noticias\/2021\/09\/superintendencia-do-sistema-estadual-socioeducativo-aposta-em-capacitacao-para-gerar-oportunidades-para-jovens\/","title":{"rendered":"Superintend\u00eancia do Sistema Estadual Socioeducativo  aposta em capacita\u00e7\u00e3o para gerar oportunidades para jovens"},"content":{"rendered":"\n<p>Com a efetiva\u00e7\u00e3o do Programa de Oportunidades e Cidadania no \u00e2mbito da Superintend\u00eancia do Sistema Estadual Socioeducativo (Seas), os resultados t\u00eam aparecido. Alguns projetos como o Bolsa Jovem, da Coordenadoria Especial de Pol\u00edticas P\u00fablicas de Fortaleza, Programa de Reservas de Vagas do Estado e Jovem Aprendiz, do Grupo Normatel, os jovens p\u00f3s-medida j\u00e1 est\u00e3o sendo chamados para a primeira experi\u00eancia no trabalho.<\/p>\n\n\n\n<p>Joana Darc, 20, cumpriu medida socioeducativa no Centro Socioeducativo Aldaci Barbosa, em Fortaleza. H\u00e1 quatro meses, a sua vida se transformou. Foi beneficiada pela Lei de Reservas de Vagas do Estado, parceria Seduc\/Seas. Trabalha como auxiliar de servi\u00e7os gerais na Escola Dom Walfrido Teixeira Vieira, em Sobral, regi\u00e3o Norte.<\/p>\n\n\n\n<p>Numa frase, Joana resume o seu novo momento: \u201cHoje meu nome se torna valioso, pois antes era um tanto faz\u201d. Ela diz que passou uma borracha no passado e pensa em evolu\u00e7\u00e3o e novas conquistas todos os dias. O sonho da casa pr\u00f3pria \u00e9 o pr\u00f3ximo passo. Mas vislumbra outros objetivos: \u201cMeu Deus, como eu queria viajar pelo Brasil e at\u00e9 para outros pa\u00edses! Coloquei na minha cabe\u00e7a a seguinte frase: persista; n\u00e3o desista Joana.<\/p>\n\n\n\n<p>Francisco Arn\u00f3bio Jr., 18, ap\u00f3s oito meses de cumprimento de medidas socioeducativas, no Centro Socioeducativo de Sobral mira um horizonte de oportunidades. H\u00e1 tr\u00eas meses assumiu a fun\u00e7\u00e3o de t\u00e9cnico burocr\u00e1tico na Escola de Ensino M\u00e9dio Monsenhor Linhares, no munic\u00edpio de Groa\u00edras, na regi\u00e3o Norte do Estado, beneficiado pelo Programa de Reservas de Vagas do Estado. Hoje, enxerga o mundo com as lentes da esperan\u00e7a, em busca de uma nova forma de vida.<\/p>\n\n\n\n<p>\u201cAprendi muito com os socioeducadores e com apoio da fam\u00edlia, principalmente meu pai. Sabia que a qualquer momento daria a volta por cima, como estou realizando agora. Um novo mundo para mim, novas conquistas e realiza\u00e7\u00f5es. Meu cora\u00e7\u00e3o est\u00e1 em paz, minha vontade de acertar \u00e9 enorme\u201d, comentou Francisco Arn\u00f3bio.<\/p>\n\n\n\n<figure class=\"wp-block-image size-large\"><img loading=\"lazy\" decoding=\"async\" width=\"1024\" height=\"678\" src=\"https:\/\/blogdorogeriogomes.com.br\/wp-content\/uploads\/2021\/09\/WhatsApp-Image-2021-09-16-at-12.04.54-1200x794-1-1024x678.jpeg\" alt=\"\" class=\"wp-image-22754\" srcset=\"https:\/\/blogdorogeriogomes.com.br\/noticias\/wp-content\/uploads\/2021\/09\/WhatsApp-Image-2021-09-16-at-12.04.54-1200x794-1-1024x678.jpeg 1024w, https:\/\/blogdorogeriogomes.com.br\/noticias\/wp-content\/uploads\/2021\/09\/WhatsApp-Image-2021-09-16-at-12.04.54-1200x794-1-300x199.jpeg 300w, https:\/\/blogdorogeriogomes.com.br\/noticias\/wp-content\/uploads\/2021\/09\/WhatsApp-Image-2021-09-16-at-12.04.54-1200x794-1-768x508.jpeg 768w, https:\/\/blogdorogeriogomes.com.br\/noticias\/wp-content\/uploads\/2021\/09\/WhatsApp-Image-2021-09-16-at-12.04.54-1200x794-1-800x529.jpeg 800w, https:\/\/blogdorogeriogomes.com.br\/noticias\/wp-content\/uploads\/2021\/09\/WhatsApp-Image-2021-09-16-at-12.04.54-1200x794-1.jpeg 1200w\" sizes=\"auto, (max-width: 1024px) 100vw, 1024px\" \/><\/figure>\n","protected":false},"excerpt":{"rendered":"<p>Com a efetiva\u00e7\u00e3o do Programa de Oportunidades e Cidadania no \u00e2mbito da Superintend\u00eancia do Sistema Estadual Socioeducativo (Seas), os resultados t\u00eam aparecido. Alguns projetos como o Bolsa Jovem, da Coordenadoria Especial de Pol\u00edticas P\u00fablicas de Fortaleza, Programa de Reservas de Vagas do Estado e Jovem Aprendiz, do Grupo Normatel, os jovens p\u00f3s-medida j\u00e1 est\u00e3o sendo chamados para a primeira experi\u00eancia no trabalho. Joana Darc, 20, cumpriu medida socioeducativa no Centro Socioeducativo Aldaci Barbosa, em Fortaleza. H\u00e1 quatro meses, a&hellip;<\/p>\n","protected":false},"author":1,"featured_media":22754,"comment_status":"open","ping_status":"open","sticky":false,"template":"","format":"standard","meta":{"footnotes":""},"categories":[1],"tags":[],"class_list":["post-22753","post","type-post","status-publish","format-standard","has-post-thumbnail","hentry","category-noticias"],"_links":{"self":[{"href":"https:\/\/blogdorogeriogomes.com.br\/noticias\/wp-json\/wp\/v2\/posts\/22753","targetHints":{"allow":["GET"]}}],"collection":[{"href":"https:\/\/blogdorogeriogomes.com.br\/noticias\/wp-json\/wp\/v2\/posts"}],"about":[{"href":"https:\/\/blogdorogeriogomes.com.br\/noticias\/wp-json\/wp\/v2\/types\/post"}],"author":[{"embeddable":true,"href":"https:\/\/blogdorogeriogomes.com.br\/noticias\/wp-json\/wp\/v2\/users\/1"}],"replies":[{"embeddable":true,"href":"https:\/\/blogdorogeriogomes.com.br\/noticias\/wp-json\/wp\/v2\/comments?post=22753"}],"version-history":[{"count":1,"href":"https:\/\/blogdorogeriogomes.com.br\/noticias\/wp-json\/wp\/v2\/posts\/22753\/revisions"}],"predecessor-version":[{"id":22755,"href":"https:\/\/blogdorogeriogomes.com.br\/noticias\/wp-json\/wp\/v2\/posts\/22753\/revisions\/22755"}],"wp:featuredmedia":[{"embeddable":true,"href":"https:\/\/blogdorogeriogomes.com.br\/noticias\/wp-json\/wp\/v2\/media\/22754"}],"wp:attachment":[{"href":"https:\/\/blogdorogeriogomes.com.br\/noticias\/wp-json\/wp\/v2\/media?parent=22753"}],"wp:term":[{"taxonomy":"category","embeddable":true,"href":"https:\/\/blogdorogeriogomes.com.br\/noticias\/wp-json\/wp\/v2\/categories?post=22753"},{"taxonomy":"post_tag","embeddable":true,"href":"https:\/\/blogdorogeriogomes.com.br\/noticias\/wp-json\/wp\/v2\/tags?post=22753"}],"curies":[{"name":"wp","href":"https:\/\/api.w.org\/{rel}","templated":true}]}}