{"id":22756,"date":"2021-09-17T12:31:19","date_gmt":"2021-09-17T12:31:19","guid":{"rendered":"https:\/\/blogdorogeriogomes.com.br\/?p=22756"},"modified":"2021-09-17T16:23:47","modified_gmt":"2021-09-17T16:23:47","slug":"esquenta-a-disputa-eleitoral-na-defensoria-geral-do-ceara-eleicoes-serao-em-outubro","status":"publish","type":"post","link":"https:\/\/blogdorogeriogomes.com.br\/noticias\/2021\/09\/esquenta-a-disputa-eleitoral-na-defensoria-geral-do-ceara-eleicoes-serao-em-outubro\/","title":{"rendered":"Esquenta a disputa eleitoral na Defensoria Geral do Cear\u00e1. Elei\u00e7\u00f5es ser\u00e3o em outubro"},"content":{"rendered":"\n<p>Esquenta a disputa eleitoral na Defensoria P\u00fablica Geral do Cear\u00e1. Est\u00e3o concorrendo ao cargo, a atual defensora p\u00fablica-geral, Elizabeth Chagas, que&nbsp;tenta a reelei\u00e7\u00e3o. Na oposi\u00e7\u00e3o, o defensor p\u00fablico Francisco Rubens de Lima J\u00fanior tenta se eleger pela primeira vez.<\/p>\n\n\n\n<p>A cerca de um m\u00eas das elei\u00e7\u00f5es para o cargo de Defensor P\u00fablico-Geral do Cear\u00e1, a serem realizadas na primeira quinzena de outubro, o candidato ao cargo, o defensor p\u00fablico Rubens Lima, vem debatendo e dialogando com membros do Poder Executivo, Legislativo municipal, estadual e federal, al\u00e9m de outras autoridades, a respeito das principais pautas em prol da categoria.<\/p>\n\n\n\n<p>Para tanto, tem participado de visitas a essas autoridades, a exemplo das recep\u00e7\u00f5es com o procurador-geral do Estado, Juv\u00eancio Viana, o Secret\u00e1rio de Desenvolvimento Agr\u00e1rio, De Assis Diniz, deputados estaduais, Fernando Santana, Mois\u00e9s Braz, Augusta Brito, Marcos Sobreira, J\u00falio C\u00e9sar Filho, Evandro Leit\u00e3o, Guilherme Sampaio, Salmito Filho e Audic Mota, e aos deputados federais Jos\u00e9 Airton Cirilo e Andr\u00e9 Figueiredo. Al\u00e9m das visitas ao presidente da FUNCI, Iraguassu Filho e ao presidente do Instituto de Desenvolvimento do Trabalho, Vladyson Viana.<\/p>\n\n\n\n<p>Em pauta, as principais aspira\u00e7\u00f5es da classe, entre as quais uma gest\u00e3o mais participativa e moderna, com foco na tecnologia, mas sem perder a humaniza\u00e7\u00e3o, no debate e na transpar\u00eancia das a\u00e7\u00f5es para que a sociedade, principal receptora dos servi\u00e7os, possa receber a melhor presta\u00e7\u00e3o poss\u00edvel.<\/p>\n\n\n\n<p>&#8220;A minha hist\u00f3ria \u00e9 marcada por luta e doa\u00e7\u00e3o \u00e0 Defensoria do Cear\u00e1. \u00c9 esse o caminho que trilhei ao longo de mais de 11 anos de carreira. Por isso quero contribuir ainda mais com a categoria. Temos muito a avan\u00e7ar para que possamos, por meio de uma gest\u00e3o mais democr\u00e1tica e participativa, oferecer o melhor servi\u00e7o para a sociedade cearense&#8221;, destaca Rubens Lima.<\/p>\n\n\n\n<figure class=\"wp-block-image size-large\"><img loading=\"lazy\" decoding=\"async\" width=\"1024\" height=\"680\" src=\"https:\/\/blogdorogeriogomes.com.br\/wp-content\/uploads\/2021\/09\/IMG-20210917-WA0057-1024x680.jpg\" alt=\"\" class=\"wp-image-22757\" srcset=\"https:\/\/blogdorogeriogomes.com.br\/noticias\/wp-content\/uploads\/2021\/09\/IMG-20210917-WA0057-1024x680.jpg 1024w, https:\/\/blogdorogeriogomes.com.br\/noticias\/wp-content\/uploads\/2021\/09\/IMG-20210917-WA0057-300x199.jpg 300w, https:\/\/blogdorogeriogomes.com.br\/noticias\/wp-content\/uploads\/2021\/09\/IMG-20210917-WA0057-768x510.jpg 768w, https:\/\/blogdorogeriogomes.com.br\/noticias\/wp-content\/uploads\/2021\/09\/IMG-20210917-WA0057-800x531.jpg 800w, https:\/\/blogdorogeriogomes.com.br\/noticias\/wp-content\/uploads\/2021\/09\/IMG-20210917-WA0057.jpg 1063w\" sizes=\"auto, (max-width: 1024px) 100vw, 1024px\" \/><\/figure>\n","protected":false},"excerpt":{"rendered":"<p>Esquenta a disputa eleitoral na Defensoria P\u00fablica Geral do Cear\u00e1. Est\u00e3o concorrendo ao cargo, a atual defensora p\u00fablica-geral, Elizabeth Chagas, que&nbsp;tenta a reelei\u00e7\u00e3o. Na oposi\u00e7\u00e3o, o defensor p\u00fablico Francisco Rubens de Lima J\u00fanior tenta se eleger pela primeira vez. A cerca de um m\u00eas das elei\u00e7\u00f5es para o cargo de Defensor P\u00fablico-Geral do Cear\u00e1, a serem realizadas na primeira quinzena de outubro, o candidato ao cargo, o defensor p\u00fablico Rubens Lima, vem debatendo e dialogando com membros do Poder&hellip;<\/p>\n","protected":false},"author":1,"featured_media":22757,"comment_status":"open","ping_status":"open","sticky":false,"template":"","format":"standard","meta":{"footnotes":""},"categories":[1],"tags":[],"class_list":["post-22756","post","type-post","status-publish","format-standard","has-post-thumbnail","hentry","category-noticias"],"_links":{"self":[{"href":"https:\/\/blogdorogeriogomes.com.br\/noticias\/wp-json\/wp\/v2\/posts\/22756","targetHints":{"allow":["GET"]}}],"collection":[{"href":"https:\/\/blogdorogeriogomes.com.br\/noticias\/wp-json\/wp\/v2\/posts"}],"about":[{"href":"https:\/\/blogdorogeriogomes.com.br\/noticias\/wp-json\/wp\/v2\/types\/post"}],"author":[{"embeddable":true,"href":"https:\/\/blogdorogeriogomes.com.br\/noticias\/wp-json\/wp\/v2\/users\/1"}],"replies":[{"embeddable":true,"href":"https:\/\/blogdorogeriogomes.com.br\/noticias\/wp-json\/wp\/v2\/comments?post=22756"}],"version-history":[{"count":3,"href":"https:\/\/blogdorogeriogomes.com.br\/noticias\/wp-json\/wp\/v2\/posts\/22756\/revisions"}],"predecessor-version":[{"id":22760,"href":"https:\/\/blogdorogeriogomes.com.br\/noticias\/wp-json\/wp\/v2\/posts\/22756\/revisions\/22760"}],"wp:featuredmedia":[{"embeddable":true,"href":"https:\/\/blogdorogeriogomes.com.br\/noticias\/wp-json\/wp\/v2\/media\/22757"}],"wp:attachment":[{"href":"https:\/\/blogdorogeriogomes.com.br\/noticias\/wp-json\/wp\/v2\/media?parent=22756"}],"wp:term":[{"taxonomy":"category","embeddable":true,"href":"https:\/\/blogdorogeriogomes.com.br\/noticias\/wp-json\/wp\/v2\/categories?post=22756"},{"taxonomy":"post_tag","embeddable":true,"href":"https:\/\/blogdorogeriogomes.com.br\/noticias\/wp-json\/wp\/v2\/tags?post=22756"}],"curies":[{"name":"wp","href":"https:\/\/api.w.org\/{rel}","templated":true}]}}