{"id":22767,"date":"2021-09-17T22:51:27","date_gmt":"2021-09-17T22:51:27","guid":{"rendered":"https:\/\/blogdorogeriogomes.com.br\/?p=22767"},"modified":"2021-09-20T11:26:33","modified_gmt":"2021-09-20T11:26:33","slug":"ciro-gomes-reafirma-apoio-a-camilo-santana-para-o-senado-e-acena-para-acordo-com-o-pt-em-nivel-estadual-para-2022","status":"publish","type":"post","link":"https:\/\/blogdorogeriogomes.com.br\/noticias\/2021\/09\/ciro-gomes-reafirma-apoio-a-camilo-santana-para-o-senado-e-acena-para-acordo-com-o-pt-em-nivel-estadual-para-2022\/","title":{"rendered":"Ciro Gomes reafirma apoio a Camilo Santana para o Senado e acena para acordo com o PT em n\u00edvel estadual para 2022"},"content":{"rendered":"\n<p>O ex-ministro Ciro Gomes, que \u00e9 o pr\u00e9-candidato do PDT \u00e0 Presid\u00eancia da Rep\u00fablica em 2022, participou nesta sexta-feira, dia 17 de setembro, da reuni\u00e3o do secretariado municipal ao lado do prefeito de Fortaleza, Jos\u00e9 Sarto. Ciro foi convidado para um debate sobre desigualdades sociais com a presen\u00e7a tamb\u00e9m do presidente do Instituto Locomotiva, Renato Meirelles. Na reuni\u00e3o, Jos\u00e9 Sarto afirmou que Fortaleza tem hoje 137 obras em andamento e aproximadamente 90% delas est\u00e3o na periferia. Desse total de obras, 95 ser\u00e3o conclu\u00eddas em 2021 e 42 em 2022. Outras 42 devem iniciar no pr\u00f3ximo ano.<\/p>\n\n\n\n<p>Ap\u00f3s o debate, Ciro Gomes confirmou em entrevista que o governador Camilo Santana (PT) ser\u00e1 o respons\u00e1vel por comandar o processo de escolha do candidato \u00e0 sucess\u00e3o estadual no pr\u00f3ximo ano e reafirmou total apoio a Camilo, caso ele decida concorrer \u00e0 vaga no Senado em 2022. &#8220;Pelos m\u00e9ritos dele, pelo extraordin\u00e1rio governo que vem fazendo, pela lideran\u00e7a que representa, e, portanto, se ele quiser ser senador, ter\u00e1 nosso apoio incondicional\u201d, disse Ciro.<\/p>\n\n\n\n<p>O presidenciavel do PDT defendeu uma unidade com o PT em n\u00edvel estadual. Ou seja, na forma\u00e7\u00e3o de uma chapa para concorrer ao Governo e ao Senado. Ele considera que o PDT tem bons nomes para disputar para governador, mas avalia que caber\u00e1 a Camilo Santana liderar esse processo de escolha. \u201cEu pondero que, nesta vez, o PDT aspire a candidatura a governador, mas isso n\u00e3o \u00e9 imposi\u00e7\u00e3o&#8221;.&nbsp;<\/p>\n\n\n\n<p>A defini\u00e7\u00e3o de um palanque estadual, segundo Ciro Gomes, n\u00e3o vai atrapalhar a disputa nacional quando ele dever\u00e1 concorrer \u00e0 Presid\u00eancia da Rep\u00fablica pelo PDT e Lula pelo PT.<\/p>\n\n\n\n<figure class=\"wp-block-image size-large\"><img loading=\"lazy\" decoding=\"async\" width=\"1024\" height=\"602\" src=\"https:\/\/blogdorogeriogomes.com.br\/wp-content\/uploads\/2021\/09\/17-09-2021-Reuniao-s-10-1-1024x602.jpg\" alt=\"\" class=\"wp-image-22768\" srcset=\"https:\/\/blogdorogeriogomes.com.br\/noticias\/wp-content\/uploads\/2021\/09\/17-09-2021-Reuniao-s-10-1-1024x602.jpg 1024w, https:\/\/blogdorogeriogomes.com.br\/noticias\/wp-content\/uploads\/2021\/09\/17-09-2021-Reuniao-s-10-1-300x176.jpg 300w, https:\/\/blogdorogeriogomes.com.br\/noticias\/wp-content\/uploads\/2021\/09\/17-09-2021-Reuniao-s-10-1-768x451.jpg 768w, https:\/\/blogdorogeriogomes.com.br\/noticias\/wp-content\/uploads\/2021\/09\/17-09-2021-Reuniao-s-10-1-800x470.jpg 800w, https:\/\/blogdorogeriogomes.com.br\/noticias\/wp-content\/uploads\/2021\/09\/17-09-2021-Reuniao-s-10-1.jpg 1280w\" sizes=\"auto, (max-width: 1024px) 100vw, 1024px\" \/><\/figure>\n\n\n\n<p><\/p>\n","protected":false},"excerpt":{"rendered":"<p>O ex-ministro Ciro Gomes, que \u00e9 o pr\u00e9-candidato do PDT \u00e0 Presid\u00eancia da Rep\u00fablica em 2022, participou nesta sexta-feira, dia 17 de setembro, da reuni\u00e3o do secretariado municipal ao lado do prefeito de Fortaleza, Jos\u00e9 Sarto. Ciro foi convidado para um debate sobre desigualdades sociais com a presen\u00e7a tamb\u00e9m do presidente do Instituto Locomotiva, Renato Meirelles. Na reuni\u00e3o, Jos\u00e9 Sarto afirmou que Fortaleza tem hoje 137 obras em andamento e aproximadamente 90% delas est\u00e3o na periferia. Desse total de&hellip;<\/p>\n","protected":false},"author":1,"featured_media":22768,"comment_status":"open","ping_status":"open","sticky":false,"template":"","format":"standard","meta":{"footnotes":""},"categories":[1],"tags":[],"class_list":["post-22767","post","type-post","status-publish","format-standard","has-post-thumbnail","hentry","category-noticias"],"_links":{"self":[{"href":"https:\/\/blogdorogeriogomes.com.br\/noticias\/wp-json\/wp\/v2\/posts\/22767","targetHints":{"allow":["GET"]}}],"collection":[{"href":"https:\/\/blogdorogeriogomes.com.br\/noticias\/wp-json\/wp\/v2\/posts"}],"about":[{"href":"https:\/\/blogdorogeriogomes.com.br\/noticias\/wp-json\/wp\/v2\/types\/post"}],"author":[{"embeddable":true,"href":"https:\/\/blogdorogeriogomes.com.br\/noticias\/wp-json\/wp\/v2\/users\/1"}],"replies":[{"embeddable":true,"href":"https:\/\/blogdorogeriogomes.com.br\/noticias\/wp-json\/wp\/v2\/comments?post=22767"}],"version-history":[{"count":2,"href":"https:\/\/blogdorogeriogomes.com.br\/noticias\/wp-json\/wp\/v2\/posts\/22767\/revisions"}],"predecessor-version":[{"id":22787,"href":"https:\/\/blogdorogeriogomes.com.br\/noticias\/wp-json\/wp\/v2\/posts\/22767\/revisions\/22787"}],"wp:featuredmedia":[{"embeddable":true,"href":"https:\/\/blogdorogeriogomes.com.br\/noticias\/wp-json\/wp\/v2\/media\/22768"}],"wp:attachment":[{"href":"https:\/\/blogdorogeriogomes.com.br\/noticias\/wp-json\/wp\/v2\/media?parent=22767"}],"wp:term":[{"taxonomy":"category","embeddable":true,"href":"https:\/\/blogdorogeriogomes.com.br\/noticias\/wp-json\/wp\/v2\/categories?post=22767"},{"taxonomy":"post_tag","embeddable":true,"href":"https:\/\/blogdorogeriogomes.com.br\/noticias\/wp-json\/wp\/v2\/tags?post=22767"}],"curies":[{"name":"wp","href":"https:\/\/api.w.org\/{rel}","templated":true}]}}