{"id":22774,"date":"2021-09-18T11:12:27","date_gmt":"2021-09-18T11:12:27","guid":{"rendered":"https:\/\/blogdorogeriogomes.com.br\/?p=22774"},"modified":"2021-09-20T11:26:00","modified_gmt":"2021-09-20T11:26:00","slug":"cresce-a-pressao-sobre-o-ministro-da-saude-apos-suspensao-da-vacina-do-publico-adolescente","status":"publish","type":"post","link":"https:\/\/blogdorogeriogomes.com.br\/noticias\/2021\/09\/cresce-a-pressao-sobre-o-ministro-da-saude-apos-suspensao-da-vacina-do-publico-adolescente\/","title":{"rendered":"Cresce a press\u00e3o sobre o Ministro da Sa\u00fade ap\u00f3s suspens\u00e3o da vacina do p\u00fablico adolescente"},"content":{"rendered":"\n<p>Criticado at\u00e9 por setores do pr\u00f3prio Governo Federal, o ministro da Sa\u00fade, Marcelo Queiroga, est\u00e1 sob press\u00e3o ap\u00f3s suspender a vacina\u00e7\u00e3o do p\u00fablico adolescente, na faixa et\u00e1ria entre 12 e 17 anos, contra a Covid-19. Integrantes da C\u00e2mara T\u00e9cnica, formada por especialistas, infectologistas e epidemiologistas, que comp\u00f5em o Plano Nacional de Imuniza\u00e7\u00f5es do Minist\u00e9rio da Sa\u00fade, amea\u00e7am demiss\u00e3o coletiva caso o ministro Marcelo Queiroga n\u00e3o retome a vacina\u00e7\u00e3o contra o coronav\u00edrus de adolescentes. Nem a C\u00e2mara T\u00e9cnica, nem a Anvisa foram consultados na decis\u00e3o do ministro de parar a vacina\u00e7\u00e3o.<\/p>\n\n\n\n<p>Nesta sexta-feira, dia 17 de setembro, o Conselho Nacional de Sa\u00fade (CNS) rebateu a decis\u00e3o do&nbsp;Minist\u00e9rio da Sa\u00fade de restringir a imuniza\u00e7\u00e3o de adolescentes e recomenda que o Governo Federal mantenha a vacina\u00e7\u00e3o de todos os adolescentes de 12 a 17 anos contra a&nbsp;Covid-19. O conselho \u00e9 uma inst\u00e2ncia colegiada, deliberativa e permanente do Sistema \u00danico de Sa\u00fade (SUS), parte da estrutura organizacional do minist\u00e9rio.<\/p>\n\n\n\n<p>Marcelo Queiroga disse em live que acatou decis\u00e3o do presidente Jair Bolsonaro em suspender a vacina\u00e7\u00e3o por causa de um caso suspeito de rea\u00e7\u00e3o adversa de uma adolescente de 16 anos, de S\u00e3o Bernardo do Campo, no ABC Paulista, que morreu em 2 de setembro. A Secretaria de Sa\u00fade de S\u00e3o Paulo j\u00e1 atestou que a morte aconteceu por causa de uma doen\u00e7a autoimune da jovem, sem nenhuma rela\u00e7\u00e3o com a vacina Pfizer.<\/p>\n\n\n\n<p>O presidente Jair Bolsonaro segue com sua campanha anti-vacina, que s\u00f3 inibe a popula\u00e7\u00e3o a n\u00e3o tomar o imunizante. Como exemplo, ele segue para Nova York neste domingo, dia 19, onde participa da abertura da Assembleia-Geral das Na\u00e7\u00f5es Unidas. Vai participar de um evento mundial com chefes de estado de v\u00e1rios pa\u00edses sem ainda ter tomado a vacina contra Covid-19.<\/p>\n\n\n\n<p>\u00c9 ou n\u00e3o \u00e9 um excelente exemplo?<\/p>\n\n\n\n<figure class=\"wp-block-image size-large\"><img loading=\"lazy\" decoding=\"async\" width=\"750\" height=\"409\" src=\"https:\/\/blogdorogeriogomes.com.br\/wp-content\/uploads\/2021\/09\/images-14.jpeg\" alt=\"\" class=\"wp-image-22775\" srcset=\"https:\/\/blogdorogeriogomes.com.br\/noticias\/wp-content\/uploads\/2021\/09\/images-14.jpeg 750w, https:\/\/blogdorogeriogomes.com.br\/noticias\/wp-content\/uploads\/2021\/09\/images-14-300x164.jpeg 300w\" sizes=\"auto, (max-width: 750px) 100vw, 750px\" \/><\/figure>\n","protected":false},"excerpt":{"rendered":"<p>Criticado at\u00e9 por setores do pr\u00f3prio Governo Federal, o ministro da Sa\u00fade, Marcelo Queiroga, est\u00e1 sob press\u00e3o ap\u00f3s suspender a vacina\u00e7\u00e3o do p\u00fablico adolescente, na faixa et\u00e1ria entre 12 e 17 anos, contra a Covid-19. Integrantes da C\u00e2mara T\u00e9cnica, formada por especialistas, infectologistas e epidemiologistas, que comp\u00f5em o Plano Nacional de Imuniza\u00e7\u00f5es do Minist\u00e9rio da Sa\u00fade, amea\u00e7am demiss\u00e3o coletiva caso o ministro Marcelo Queiroga n\u00e3o retome a vacina\u00e7\u00e3o contra o coronav\u00edrus de adolescentes. Nem a C\u00e2mara T\u00e9cnica, nem a&hellip;<\/p>\n","protected":false},"author":1,"featured_media":22775,"comment_status":"open","ping_status":"open","sticky":false,"template":"","format":"standard","meta":{"footnotes":""},"categories":[1],"tags":[],"class_list":["post-22774","post","type-post","status-publish","format-standard","has-post-thumbnail","hentry","category-noticias"],"_links":{"self":[{"href":"https:\/\/blogdorogeriogomes.com.br\/noticias\/wp-json\/wp\/v2\/posts\/22774","targetHints":{"allow":["GET"]}}],"collection":[{"href":"https:\/\/blogdorogeriogomes.com.br\/noticias\/wp-json\/wp\/v2\/posts"}],"about":[{"href":"https:\/\/blogdorogeriogomes.com.br\/noticias\/wp-json\/wp\/v2\/types\/post"}],"author":[{"embeddable":true,"href":"https:\/\/blogdorogeriogomes.com.br\/noticias\/wp-json\/wp\/v2\/users\/1"}],"replies":[{"embeddable":true,"href":"https:\/\/blogdorogeriogomes.com.br\/noticias\/wp-json\/wp\/v2\/comments?post=22774"}],"version-history":[{"count":2,"href":"https:\/\/blogdorogeriogomes.com.br\/noticias\/wp-json\/wp\/v2\/posts\/22774\/revisions"}],"predecessor-version":[{"id":22786,"href":"https:\/\/blogdorogeriogomes.com.br\/noticias\/wp-json\/wp\/v2\/posts\/22774\/revisions\/22786"}],"wp:featuredmedia":[{"embeddable":true,"href":"https:\/\/blogdorogeriogomes.com.br\/noticias\/wp-json\/wp\/v2\/media\/22775"}],"wp:attachment":[{"href":"https:\/\/blogdorogeriogomes.com.br\/noticias\/wp-json\/wp\/v2\/media?parent=22774"}],"wp:term":[{"taxonomy":"category","embeddable":true,"href":"https:\/\/blogdorogeriogomes.com.br\/noticias\/wp-json\/wp\/v2\/categories?post=22774"},{"taxonomy":"post_tag","embeddable":true,"href":"https:\/\/blogdorogeriogomes.com.br\/noticias\/wp-json\/wp\/v2\/tags?post=22774"}],"curies":[{"name":"wp","href":"https:\/\/api.w.org\/{rel}","templated":true}]}}