{"id":22778,"date":"2021-09-20T10:32:56","date_gmt":"2021-09-20T10:32:56","guid":{"rendered":"https:\/\/blogdorogeriogomes.com.br\/?p=22778"},"modified":"2021-09-20T11:25:44","modified_gmt":"2021-09-20T11:25:44","slug":"semana-e-decisiva-para-a-cpi-da-covid-relatorio-final-pode-ser-divulgado-na-quinta-feira","status":"publish","type":"post","link":"https:\/\/blogdorogeriogomes.com.br\/noticias\/2021\/09\/semana-e-decisiva-para-a-cpi-da-covid-relatorio-final-pode-ser-divulgado-na-quinta-feira\/","title":{"rendered":"Semana \u00e9 decisiva para a CPI da Covid. Relat\u00f3rio final pode ser divulgado na quinta-feira"},"content":{"rendered":"\n<p>A semana \u00e9 de expectativa pela entrega do relat\u00f3rio da CPI da Covid no Senado Federal pelo senador Renan Calheiros, relator da comiss\u00e3o. A previs\u00e3o \u00e9 que o relat\u00f3rio seja apresentado na pr\u00f3xima quinta-feira, dia 23 de setembro. O texto final deve responsabilizar o presidente Jair Bolsonaro por crimes comuns, como charlatanismo e epidemia; de responsabilidade, em particular contra a sa\u00fade p\u00fablica e por prevarica\u00e7\u00e3o; e possivelmente pelo crime de genoc\u00eddio contra ind\u00edgenas.<\/p>\n\n\n\n<p>A CPI tem confirmados para esta semana dois depoimentos. Nesta ter\u00e7a-feira, dia 21, o ministro Wagner Ros\u00e1rio, da CGU (Controladoria-Geral da Uni\u00e3o), e na quarta-feira, dia 22, o diretor-executivo da Prevent Senior, Pedro Benedito Batista J\u00fanior. Tamb\u00e9m h\u00e1 a possibilidade de os senadores ouvirem na quinta-feira, dia 23, o diretor da Precisa Medicamentos Danilo Trento.&nbsp;<\/p>\n\n\n\n<figure class=\"wp-block-image size-large\"><img loading=\"lazy\" decoding=\"async\" width=\"679\" height=\"452\" src=\"https:\/\/blogdorogeriogomes.com.br\/wp-content\/uploads\/2021\/09\/images-15.jpeg\" alt=\"\" class=\"wp-image-22779\" srcset=\"https:\/\/blogdorogeriogomes.com.br\/noticias\/wp-content\/uploads\/2021\/09\/images-15.jpeg 679w, https:\/\/blogdorogeriogomes.com.br\/noticias\/wp-content\/uploads\/2021\/09\/images-15-300x200.jpeg 300w\" sizes=\"auto, (max-width: 679px) 100vw, 679px\" \/><\/figure>\n","protected":false},"excerpt":{"rendered":"<p>A semana \u00e9 de expectativa pela entrega do relat\u00f3rio da CPI da Covid no Senado Federal pelo senador Renan Calheiros, relator da comiss\u00e3o. A previs\u00e3o \u00e9 que o relat\u00f3rio seja apresentado na pr\u00f3xima quinta-feira, dia 23 de setembro. O texto final deve responsabilizar o presidente Jair Bolsonaro por crimes comuns, como charlatanismo e epidemia; de responsabilidade, em particular contra a sa\u00fade p\u00fablica e por prevarica\u00e7\u00e3o; e possivelmente pelo crime de genoc\u00eddio contra ind\u00edgenas. A CPI tem confirmados para esta&hellip;<\/p>\n","protected":false},"author":1,"featured_media":22779,"comment_status":"open","ping_status":"open","sticky":false,"template":"","format":"standard","meta":{"footnotes":""},"categories":[1],"tags":[],"class_list":["post-22778","post","type-post","status-publish","format-standard","has-post-thumbnail","hentry","category-noticias"],"_links":{"self":[{"href":"https:\/\/blogdorogeriogomes.com.br\/noticias\/wp-json\/wp\/v2\/posts\/22778","targetHints":{"allow":["GET"]}}],"collection":[{"href":"https:\/\/blogdorogeriogomes.com.br\/noticias\/wp-json\/wp\/v2\/posts"}],"about":[{"href":"https:\/\/blogdorogeriogomes.com.br\/noticias\/wp-json\/wp\/v2\/types\/post"}],"author":[{"embeddable":true,"href":"https:\/\/blogdorogeriogomes.com.br\/noticias\/wp-json\/wp\/v2\/users\/1"}],"replies":[{"embeddable":true,"href":"https:\/\/blogdorogeriogomes.com.br\/noticias\/wp-json\/wp\/v2\/comments?post=22778"}],"version-history":[{"count":2,"href":"https:\/\/blogdorogeriogomes.com.br\/noticias\/wp-json\/wp\/v2\/posts\/22778\/revisions"}],"predecessor-version":[{"id":22785,"href":"https:\/\/blogdorogeriogomes.com.br\/noticias\/wp-json\/wp\/v2\/posts\/22778\/revisions\/22785"}],"wp:featuredmedia":[{"embeddable":true,"href":"https:\/\/blogdorogeriogomes.com.br\/noticias\/wp-json\/wp\/v2\/media\/22779"}],"wp:attachment":[{"href":"https:\/\/blogdorogeriogomes.com.br\/noticias\/wp-json\/wp\/v2\/media?parent=22778"}],"wp:term":[{"taxonomy":"category","embeddable":true,"href":"https:\/\/blogdorogeriogomes.com.br\/noticias\/wp-json\/wp\/v2\/categories?post=22778"},{"taxonomy":"post_tag","embeddable":true,"href":"https:\/\/blogdorogeriogomes.com.br\/noticias\/wp-json\/wp\/v2\/tags?post=22778"}],"curies":[{"name":"wp","href":"https:\/\/api.w.org\/{rel}","templated":true}]}}