{"id":22793,"date":"2021-09-20T23:12:42","date_gmt":"2021-09-20T23:12:42","guid":{"rendered":"https:\/\/blogdorogeriogomes.com.br\/?p=22793"},"modified":"2021-09-21T12:52:33","modified_gmt":"2021-09-21T12:52:33","slug":"psdb-confirma-nome-de-tasso-jereissati-entre-os-que-vao-concorrer-as-previas-do-partido-de-olho-em-2022","status":"publish","type":"post","link":"https:\/\/blogdorogeriogomes.com.br\/noticias\/2021\/09\/psdb-confirma-nome-de-tasso-jereissati-entre-os-que-vao-concorrer-as-previas-do-partido-de-olho-em-2022\/","title":{"rendered":"PSDB confirma nome de Tasso Jereissati entre os que v\u00e3o concorrer \u00e0s pr\u00e9vias do partido de olho em 2022"},"content":{"rendered":"\n<p>O senador cearense Tasso Jereissati (PSDB) vai disputar \u00e0s pr\u00e9vias do partido que v\u00e3o indicar quem ser\u00e1 o candidato tucano na corrida presidencial de 2022. Al\u00e9m dele, est\u00e3o confirmados nas pr\u00e9vias os governadores&nbsp;Jo\u00e3o D\u00f3ria, de S\u00e3o Paulo, e Eduardo Leite, do&nbsp;Rio Grande do Sul, e o ex-prefeito de Manaus, Arthur Virg\u00edlio Neto.<\/p>\n\n\n\n<p>Ao contr\u00e1rio de Tasso, que n\u00e3o mostra muita luta para assumir essa miss\u00e3o, Jo\u00e3o D\u00f3ria e Eduardo Leite t\u00eam feito muitas articula\u00e7\u00f5es entre os tucanos para serem o indicado na disputa presidencial, inclusive, com viagens pelo Pa\u00eds.<\/p>\n\n\n\n<p>A expectativa \u00e9 que o candidato do PSDB \u00e0 Presid\u00eancia da Rep\u00fablica em 2022 seja definido at\u00e9 o dia 21 de novembro, caso n\u00e3o tenha a necessidade de ser realizado um segundo turno na escolha interna do partido.<\/p>\n\n\n\n<figure class=\"wp-block-image size-large\"><img loading=\"lazy\" decoding=\"async\" width=\"678\" height=\"452\" src=\"https:\/\/blogdorogeriogomes.com.br\/wp-content\/uploads\/2021\/09\/images-17.jpeg\" alt=\"\" class=\"wp-image-22794\" srcset=\"https:\/\/blogdorogeriogomes.com.br\/noticias\/wp-content\/uploads\/2021\/09\/images-17.jpeg 678w, https:\/\/blogdorogeriogomes.com.br\/noticias\/wp-content\/uploads\/2021\/09\/images-17-300x200.jpeg 300w\" sizes=\"auto, (max-width: 678px) 100vw, 678px\" \/><\/figure>\n","protected":false},"excerpt":{"rendered":"<p>O senador cearense Tasso Jereissati (PSDB) vai disputar \u00e0s pr\u00e9vias do partido que v\u00e3o indicar quem ser\u00e1 o candidato tucano na corrida presidencial de 2022. Al\u00e9m dele, est\u00e3o confirmados nas pr\u00e9vias os governadores&nbsp;Jo\u00e3o D\u00f3ria, de S\u00e3o Paulo, e Eduardo Leite, do&nbsp;Rio Grande do Sul, e o ex-prefeito de Manaus, Arthur Virg\u00edlio Neto. Ao contr\u00e1rio de Tasso, que n\u00e3o mostra muita luta para assumir essa miss\u00e3o, Jo\u00e3o D\u00f3ria e Eduardo Leite t\u00eam feito muitas articula\u00e7\u00f5es entre os tucanos para serem&hellip;<\/p>\n","protected":false},"author":1,"featured_media":22794,"comment_status":"open","ping_status":"open","sticky":false,"template":"","format":"standard","meta":{"footnotes":""},"categories":[1],"tags":[],"class_list":["post-22793","post","type-post","status-publish","format-standard","has-post-thumbnail","hentry","category-noticias"],"_links":{"self":[{"href":"https:\/\/blogdorogeriogomes.com.br\/noticias\/wp-json\/wp\/v2\/posts\/22793","targetHints":{"allow":["GET"]}}],"collection":[{"href":"https:\/\/blogdorogeriogomes.com.br\/noticias\/wp-json\/wp\/v2\/posts"}],"about":[{"href":"https:\/\/blogdorogeriogomes.com.br\/noticias\/wp-json\/wp\/v2\/types\/post"}],"author":[{"embeddable":true,"href":"https:\/\/blogdorogeriogomes.com.br\/noticias\/wp-json\/wp\/v2\/users\/1"}],"replies":[{"embeddable":true,"href":"https:\/\/blogdorogeriogomes.com.br\/noticias\/wp-json\/wp\/v2\/comments?post=22793"}],"version-history":[{"count":2,"href":"https:\/\/blogdorogeriogomes.com.br\/noticias\/wp-json\/wp\/v2\/posts\/22793\/revisions"}],"predecessor-version":[{"id":22804,"href":"https:\/\/blogdorogeriogomes.com.br\/noticias\/wp-json\/wp\/v2\/posts\/22793\/revisions\/22804"}],"wp:featuredmedia":[{"embeddable":true,"href":"https:\/\/blogdorogeriogomes.com.br\/noticias\/wp-json\/wp\/v2\/media\/22794"}],"wp:attachment":[{"href":"https:\/\/blogdorogeriogomes.com.br\/noticias\/wp-json\/wp\/v2\/media?parent=22793"}],"wp:term":[{"taxonomy":"category","embeddable":true,"href":"https:\/\/blogdorogeriogomes.com.br\/noticias\/wp-json\/wp\/v2\/categories?post=22793"},{"taxonomy":"post_tag","embeddable":true,"href":"https:\/\/blogdorogeriogomes.com.br\/noticias\/wp-json\/wp\/v2\/tags?post=22793"}],"curies":[{"name":"wp","href":"https:\/\/api.w.org\/{rel}","templated":true}]}}