{"id":22796,"date":"2021-09-21T10:15:50","date_gmt":"2021-09-21T10:15:50","guid":{"rendered":"https:\/\/blogdorogeriogomes.com.br\/?p=22796"},"modified":"2021-09-21T12:52:24","modified_gmt":"2021-09-21T12:52:24","slug":"prefeitura-reduz-velocidade-de-sete-avenidas-de-fortaleza-para-50km-h","status":"publish","type":"post","link":"https:\/\/blogdorogeriogomes.com.br\/noticias\/2021\/09\/prefeitura-reduz-velocidade-de-sete-avenidas-de-fortaleza-para-50km-h\/","title":{"rendered":"Prefeitura reduz velocidade de sete avenidas de Fortaleza para 50km\/h"},"content":{"rendered":"\n<p>Como parte das comemora\u00e7\u00f5es da Semana Nacional do Tr\u00e2nsito, a Prefeitura de Fortaleza faz a redu\u00e7\u00e3o da velocidade de sete avenidas da Capital para 50km\/h. A ideia \u00e9 aumentar a seguran\u00e7a para a travessia de pedestres e evitar a ocorr\u00eancia de acidentes.<\/p>\n\n\n\n<p>A redu\u00e7\u00e3o da velocidade acontece a partir desta ter\u00e7a-feira, dia 21 de setembro, nas avenidas Senador Fernandes T\u00e1vora, Rogaciano Leite, Godofredo Maciel, Juscelino Kubitscheck, Dr. Theberge, Parsifal Barroso e Prof. Heribaldo Costa. As vias tamb\u00e9m v\u00e3o ganhar nova sinaliza\u00e7\u00e3o.<\/p>\n\n\n\n<figure class=\"wp-block-image size-large\"><img loading=\"lazy\" decoding=\"async\" width=\"723\" height=\"424\" src=\"https:\/\/blogdorogeriogomes.com.br\/wp-content\/uploads\/2021\/09\/images-18.jpeg\" alt=\"\" class=\"wp-image-22797\" srcset=\"https:\/\/blogdorogeriogomes.com.br\/noticias\/wp-content\/uploads\/2021\/09\/images-18.jpeg 723w, https:\/\/blogdorogeriogomes.com.br\/noticias\/wp-content\/uploads\/2021\/09\/images-18-300x176.jpeg 300w\" sizes=\"auto, (max-width: 723px) 100vw, 723px\" \/><\/figure>\n","protected":false},"excerpt":{"rendered":"<p>Como parte das comemora\u00e7\u00f5es da Semana Nacional do Tr\u00e2nsito, a Prefeitura de Fortaleza faz a redu\u00e7\u00e3o da velocidade de sete avenidas da Capital para 50km\/h. A ideia \u00e9 aumentar a seguran\u00e7a para a travessia de pedestres e evitar a ocorr\u00eancia de acidentes. A redu\u00e7\u00e3o da velocidade acontece a partir desta ter\u00e7a-feira, dia 21 de setembro, nas avenidas Senador Fernandes T\u00e1vora, Rogaciano Leite, Godofredo Maciel, Juscelino Kubitscheck, Dr. Theberge, Parsifal Barroso e Prof. Heribaldo Costa. As vias tamb\u00e9m v\u00e3o ganhar&hellip;<\/p>\n","protected":false},"author":1,"featured_media":22797,"comment_status":"open","ping_status":"open","sticky":false,"template":"","format":"standard","meta":{"footnotes":""},"categories":[1],"tags":[],"class_list":["post-22796","post","type-post","status-publish","format-standard","has-post-thumbnail","hentry","category-noticias"],"_links":{"self":[{"href":"https:\/\/blogdorogeriogomes.com.br\/noticias\/wp-json\/wp\/v2\/posts\/22796","targetHints":{"allow":["GET"]}}],"collection":[{"href":"https:\/\/blogdorogeriogomes.com.br\/noticias\/wp-json\/wp\/v2\/posts"}],"about":[{"href":"https:\/\/blogdorogeriogomes.com.br\/noticias\/wp-json\/wp\/v2\/types\/post"}],"author":[{"embeddable":true,"href":"https:\/\/blogdorogeriogomes.com.br\/noticias\/wp-json\/wp\/v2\/users\/1"}],"replies":[{"embeddable":true,"href":"https:\/\/blogdorogeriogomes.com.br\/noticias\/wp-json\/wp\/v2\/comments?post=22796"}],"version-history":[{"count":2,"href":"https:\/\/blogdorogeriogomes.com.br\/noticias\/wp-json\/wp\/v2\/posts\/22796\/revisions"}],"predecessor-version":[{"id":22802,"href":"https:\/\/blogdorogeriogomes.com.br\/noticias\/wp-json\/wp\/v2\/posts\/22796\/revisions\/22802"}],"wp:featuredmedia":[{"embeddable":true,"href":"https:\/\/blogdorogeriogomes.com.br\/noticias\/wp-json\/wp\/v2\/media\/22797"}],"wp:attachment":[{"href":"https:\/\/blogdorogeriogomes.com.br\/noticias\/wp-json\/wp\/v2\/media?parent=22796"}],"wp:term":[{"taxonomy":"category","embeddable":true,"href":"https:\/\/blogdorogeriogomes.com.br\/noticias\/wp-json\/wp\/v2\/categories?post=22796"},{"taxonomy":"post_tag","embeddable":true,"href":"https:\/\/blogdorogeriogomes.com.br\/noticias\/wp-json\/wp\/v2\/tags?post=22796"}],"curies":[{"name":"wp","href":"https:\/\/api.w.org\/{rel}","templated":true}]}}