{"id":22799,"date":"2021-09-21T10:47:16","date_gmt":"2021-09-21T10:47:16","guid":{"rendered":"https:\/\/blogdorogeriogomes.com.br\/?p=22799"},"modified":"2021-09-21T12:52:14","modified_gmt":"2021-09-21T12:52:14","slug":"bolsonaro-e-sua-comitiva-enfrentam-protestos-em-nova-york-presidente-e-chamado-a-atencao-por-nao-estar-vacinado","status":"publish","type":"post","link":"https:\/\/blogdorogeriogomes.com.br\/noticias\/2021\/09\/bolsonaro-e-sua-comitiva-enfrentam-protestos-em-nova-york-presidente-e-chamado-a-atencao-por-nao-estar-vacinado\/","title":{"rendered":"Bolsonaro e sua comitiva enfrentam protestos em Nova York. Presidente \u00e9 chamado a aten\u00e7\u00e3o por n\u00e3o estar vacinado"},"content":{"rendered":"\n<p>A segunda-feira, dia 20 de setembro, foi cheia de constrangimentos e protestos contra o presidente Jair Bolsonaro e sua comitiva em Nova York. Depois de comer pizza na rua no domingo passado por n\u00e3o poder entrar em um restaurante por n\u00e3o estar vacinado contra a Covid-19, o presidente precisou se alimentar num restaurante brasileiro, nesta segunda, com um &#8220;puxadinho&#8221; na cal\u00e7ada. Voltou a enfrentar protestos durante o jantar e o ministro da Sa\u00fade, Marcelo Queiroga, ainda fez gestos obscenos para os manifestantes brasileiros. <\/p>\n\n\n\n<p>Mas os constrangimentos estavam ainda reservados para o pronunciamento do prefeito de Nova York (EUA), Bill De Blasio, que enquadrou o presidente&nbsp;brasileiro. \u201cPrecisamos mandar uma mensagem a todos os l\u00edderes mundiais, especialmente Bolsonaro, do Brasil, de que se voc\u00ea pretende vir aqui, voc\u00ea precisa ser vacinado. E se voc\u00ea n\u00e3o quer se vacinado, nem venha, porque todos devem estar seguros juntos&#8221;, disse Blasio.&nbsp;<\/p>\n\n\n\n<p>Em encontro com o primeiro-ministro do Reino Unido, Boris Johnson, Bolsonaro ainda teve de ouvir a recomenda\u00e7\u00e3o que se vacine contra a Covid-19. Boris Johnson elogiou a vacina AstraZeneca e diz que tomou as duas doses. Jair Bolsonaro \u00e9 o \u00fanico dos l\u00edderes do G-20 na Assembleia Geral da ONU a n\u00e3o estar imunizado contra o coronav\u00edrus.<\/p>\n\n\n\n<p>Ativistas ambientais ainda projetaram imagens ao lado da ponte do Brooklyn alertando sobre os perigos da chegada de presidente Bolsonaro a Nova York sem estar vacinado. As imagens destacam a agenda anti-ambiental de Bolsonaro, que levou \u00e0 destrui\u00e7\u00e3o da floresta amaz\u00f4nica, aos ataques sistem\u00e1ticos aos direitos dos povos ind\u00edgenas no pa\u00eds e a condu\u00e7\u00e3o desastrosa da pandemia da Covid-19.<\/p>\n\n\n\n<figure class=\"wp-block-image size-large\"><img loading=\"lazy\" decoding=\"async\" width=\"1024\" height=\"492\" src=\"https:\/\/blogdorogeriogomes.com.br\/wp-content\/uploads\/2021\/09\/2021092106094_75776e5b-55ee-429f-bdf3-1e5a66d3dcf9-1024x492.jpg\" alt=\"\" class=\"wp-image-22800\" srcset=\"https:\/\/blogdorogeriogomes.com.br\/noticias\/wp-content\/uploads\/2021\/09\/2021092106094_75776e5b-55ee-429f-bdf3-1e5a66d3dcf9-1024x492.jpg 1024w, https:\/\/blogdorogeriogomes.com.br\/noticias\/wp-content\/uploads\/2021\/09\/2021092106094_75776e5b-55ee-429f-bdf3-1e5a66d3dcf9-300x144.jpg 300w, https:\/\/blogdorogeriogomes.com.br\/noticias\/wp-content\/uploads\/2021\/09\/2021092106094_75776e5b-55ee-429f-bdf3-1e5a66d3dcf9-768x369.jpg 768w, https:\/\/blogdorogeriogomes.com.br\/noticias\/wp-content\/uploads\/2021\/09\/2021092106094_75776e5b-55ee-429f-bdf3-1e5a66d3dcf9-800x384.jpg 800w, https:\/\/blogdorogeriogomes.com.br\/noticias\/wp-content\/uploads\/2021\/09\/2021092106094_75776e5b-55ee-429f-bdf3-1e5a66d3dcf9.jpg 1250w\" sizes=\"auto, (max-width: 1024px) 100vw, 1024px\" \/><\/figure>\n","protected":false},"excerpt":{"rendered":"<p>A segunda-feira, dia 20 de setembro, foi cheia de constrangimentos e protestos contra o presidente Jair Bolsonaro e sua comitiva em Nova York. Depois de comer pizza na rua no domingo passado por n\u00e3o poder entrar em um restaurante por n\u00e3o estar vacinado contra a Covid-19, o presidente precisou se alimentar num restaurante brasileiro, nesta segunda, com um &#8220;puxadinho&#8221; na cal\u00e7ada. Voltou a enfrentar protestos durante o jantar e o ministro da Sa\u00fade, Marcelo Queiroga, ainda fez gestos obscenos&hellip;<\/p>\n","protected":false},"author":1,"featured_media":22800,"comment_status":"open","ping_status":"open","sticky":false,"template":"","format":"standard","meta":{"footnotes":""},"categories":[1],"tags":[],"class_list":["post-22799","post","type-post","status-publish","format-standard","has-post-thumbnail","hentry","category-noticias"],"_links":{"self":[{"href":"https:\/\/blogdorogeriogomes.com.br\/noticias\/wp-json\/wp\/v2\/posts\/22799","targetHints":{"allow":["GET"]}}],"collection":[{"href":"https:\/\/blogdorogeriogomes.com.br\/noticias\/wp-json\/wp\/v2\/posts"}],"about":[{"href":"https:\/\/blogdorogeriogomes.com.br\/noticias\/wp-json\/wp\/v2\/types\/post"}],"author":[{"embeddable":true,"href":"https:\/\/blogdorogeriogomes.com.br\/noticias\/wp-json\/wp\/v2\/users\/1"}],"replies":[{"embeddable":true,"href":"https:\/\/blogdorogeriogomes.com.br\/noticias\/wp-json\/wp\/v2\/comments?post=22799"}],"version-history":[{"count":2,"href":"https:\/\/blogdorogeriogomes.com.br\/noticias\/wp-json\/wp\/v2\/posts\/22799\/revisions"}],"predecessor-version":[{"id":22803,"href":"https:\/\/blogdorogeriogomes.com.br\/noticias\/wp-json\/wp\/v2\/posts\/22799\/revisions\/22803"}],"wp:featuredmedia":[{"embeddable":true,"href":"https:\/\/blogdorogeriogomes.com.br\/noticias\/wp-json\/wp\/v2\/media\/22800"}],"wp:attachment":[{"href":"https:\/\/blogdorogeriogomes.com.br\/noticias\/wp-json\/wp\/v2\/media?parent=22799"}],"wp:term":[{"taxonomy":"category","embeddable":true,"href":"https:\/\/blogdorogeriogomes.com.br\/noticias\/wp-json\/wp\/v2\/categories?post=22799"},{"taxonomy":"post_tag","embeddable":true,"href":"https:\/\/blogdorogeriogomes.com.br\/noticias\/wp-json\/wp\/v2\/tags?post=22799"}],"curies":[{"name":"wp","href":"https:\/\/api.w.org\/{rel}","templated":true}]}}