{"id":22808,"date":"2021-09-21T20:37:46","date_gmt":"2021-09-21T20:37:46","guid":{"rendered":"https:\/\/blogdorogeriogomes.com.br\/?p=22808"},"modified":"2021-09-22T10:12:53","modified_gmt":"2021-09-22T10:12:53","slug":"secretario-de-seguranca-do-ceara-rebate-criticas-de-capitao-wagner-sobre-faccoes-criminosas","status":"publish","type":"post","link":"https:\/\/blogdorogeriogomes.com.br\/noticias\/2021\/09\/secretario-de-seguranca-do-ceara-rebate-criticas-de-capitao-wagner-sobre-faccoes-criminosas\/","title":{"rendered":"Secret\u00e1rio de Seguran\u00e7a do Cear\u00e1 rebate cr\u00edticas de Capit\u00e3o Wagner sobre fac\u00e7\u00f5es criminosas"},"content":{"rendered":"\n<p>Pr\u00e9-candidato da oposi\u00e7\u00e3o ao Governo do Estado em 2022, o deputado federal Capit\u00e3o Wagner (Pros) tem centrado cr\u00edticas ao setor de seguran\u00e7a p\u00fablica do Cear\u00e1. Declarou recentemente que &#8220;as fac\u00e7\u00f5es criminosas mandam no Cear\u00e1&#8221;. Nesta ter\u00e7a-feira, dia 21 de setembro, a resposta ao l\u00edder da oposi\u00e7\u00e3o veio atrav\u00e9s do secret\u00e1rio de Seguran\u00e7a P\u00fablica e Defesa Social, Sandro Caron, em entrevista ao O POVO.<\/p>\n\n\n\n<p>&#8220;Lamento que um deputado cearense, como Capit\u00e3o Wagner, leve a vida a torcer e trabalhar contra a seguran\u00e7a do Estado. Ele enaltece as fac\u00e7\u00f5es, em vez de enaltecer o grande trabalho da pol\u00edcia. Sou da Pol\u00edcia Federal, trabalhei em v\u00e1rios estados, mas o que vejo que se tenta fazer aqui \u00e9 absurdo. Joga contra. Ele pode ter os interesses dele, mas jamais trabalhar para prejudicar a popula\u00e7\u00e3o. Ele luta sempre para desestabilizar a seguran\u00e7a do Cear\u00e1&#8221;, afirmou Sandro Caron.<\/p>\n\n\n\n<p>O secret\u00e1rio da SSPDS disse ainda que &#8220;em 2019, o Cear\u00e1 teve a maior redu\u00e7\u00e3o de homic\u00eddios do Brasil. A\u00ed veio esse movimento criminoso do motim, feito por uma minoria de PMs, que buscou desarticular a seguran\u00e7a com fins eleitoreiros, comandado por alguns pol\u00edticos. Capit\u00e3o Wagner sabe que estimulou tudo isso.&nbsp;Ele prejudicou seriamente a seguran\u00e7a do Cear\u00e1. Os homic\u00eddios dispararam depois disso. As fac\u00e7\u00f5es, que estavam esfaceladas, tomaram f\u00f4lego e se sentiram mais fortes&#8221;.<\/p>\n\n\n\n<p>Caron disse ainda: &#8220;Reflitam comigo: que moral tem Capit\u00e3o Wagner para falar de seguran\u00e7a? A pessoa que mais incentivou motins para desestruturar a seguran\u00e7a do Cear\u00e1. Lastim\u00e1vel.&#8221;<\/p>\n\n\n\n<p>Capit\u00e3o Wagner afirmou que Sandro Caron &#8220;foi escalado pelo governador pra me responder e s\u00f3 faz isso porque tem de cumprir as ordens do governador&#8221;.<\/p>\n\n\n\n<figure class=\"wp-block-image size-large\"><img loading=\"lazy\" decoding=\"async\" width=\"1024\" height=\"1024\" src=\"https:\/\/blogdorogeriogomes.com.br\/wp-content\/uploads\/2021\/09\/IMG-20210921-WA0103-1024x1024.jpg\" alt=\"\" class=\"wp-image-22809\" srcset=\"https:\/\/blogdorogeriogomes.com.br\/noticias\/wp-content\/uploads\/2021\/09\/IMG-20210921-WA0103-1024x1024.jpg 1024w, https:\/\/blogdorogeriogomes.com.br\/noticias\/wp-content\/uploads\/2021\/09\/IMG-20210921-WA0103-300x300.jpg 300w, https:\/\/blogdorogeriogomes.com.br\/noticias\/wp-content\/uploads\/2021\/09\/IMG-20210921-WA0103-150x150.jpg 150w, https:\/\/blogdorogeriogomes.com.br\/noticias\/wp-content\/uploads\/2021\/09\/IMG-20210921-WA0103-768x768.jpg 768w, https:\/\/blogdorogeriogomes.com.br\/noticias\/wp-content\/uploads\/2021\/09\/IMG-20210921-WA0103-1536x1536.jpg 1536w, https:\/\/blogdorogeriogomes.com.br\/noticias\/wp-content\/uploads\/2021\/09\/IMG-20210921-WA0103-800x800.jpg 800w, https:\/\/blogdorogeriogomes.com.br\/noticias\/wp-content\/uploads\/2021\/09\/IMG-20210921-WA0103-250x250.jpg 250w, https:\/\/blogdorogeriogomes.com.br\/noticias\/wp-content\/uploads\/2021\/09\/IMG-20210921-WA0103.jpg 1600w\" sizes=\"auto, (max-width: 1024px) 100vw, 1024px\" \/><\/figure>\n","protected":false},"excerpt":{"rendered":"<p>Pr\u00e9-candidato da oposi\u00e7\u00e3o ao Governo do Estado em 2022, o deputado federal Capit\u00e3o Wagner (Pros) tem centrado cr\u00edticas ao setor de seguran\u00e7a p\u00fablica do Cear\u00e1. Declarou recentemente que &#8220;as fac\u00e7\u00f5es criminosas mandam no Cear\u00e1&#8221;. Nesta ter\u00e7a-feira, dia 21 de setembro, a resposta ao l\u00edder da oposi\u00e7\u00e3o veio atrav\u00e9s do secret\u00e1rio de Seguran\u00e7a P\u00fablica e Defesa Social, Sandro Caron, em entrevista ao O POVO. &#8220;Lamento que um deputado cearense, como Capit\u00e3o Wagner, leve a vida a torcer e trabalhar contra&hellip;<\/p>\n","protected":false},"author":1,"featured_media":22809,"comment_status":"open","ping_status":"open","sticky":false,"template":"","format":"standard","meta":{"footnotes":""},"categories":[1],"tags":[],"class_list":["post-22808","post","type-post","status-publish","format-standard","has-post-thumbnail","hentry","category-noticias"],"_links":{"self":[{"href":"https:\/\/blogdorogeriogomes.com.br\/noticias\/wp-json\/wp\/v2\/posts\/22808","targetHints":{"allow":["GET"]}}],"collection":[{"href":"https:\/\/blogdorogeriogomes.com.br\/noticias\/wp-json\/wp\/v2\/posts"}],"about":[{"href":"https:\/\/blogdorogeriogomes.com.br\/noticias\/wp-json\/wp\/v2\/types\/post"}],"author":[{"embeddable":true,"href":"https:\/\/blogdorogeriogomes.com.br\/noticias\/wp-json\/wp\/v2\/users\/1"}],"replies":[{"embeddable":true,"href":"https:\/\/blogdorogeriogomes.com.br\/noticias\/wp-json\/wp\/v2\/comments?post=22808"}],"version-history":[{"count":2,"href":"https:\/\/blogdorogeriogomes.com.br\/noticias\/wp-json\/wp\/v2\/posts\/22808\/revisions"}],"predecessor-version":[{"id":22818,"href":"https:\/\/blogdorogeriogomes.com.br\/noticias\/wp-json\/wp\/v2\/posts\/22808\/revisions\/22818"}],"wp:featuredmedia":[{"embeddable":true,"href":"https:\/\/blogdorogeriogomes.com.br\/noticias\/wp-json\/wp\/v2\/media\/22809"}],"wp:attachment":[{"href":"https:\/\/blogdorogeriogomes.com.br\/noticias\/wp-json\/wp\/v2\/media?parent=22808"}],"wp:term":[{"taxonomy":"category","embeddable":true,"href":"https:\/\/blogdorogeriogomes.com.br\/noticias\/wp-json\/wp\/v2\/categories?post=22808"},{"taxonomy":"post_tag","embeddable":true,"href":"https:\/\/blogdorogeriogomes.com.br\/noticias\/wp-json\/wp\/v2\/tags?post=22808"}],"curies":[{"name":"wp","href":"https:\/\/api.w.org\/{rel}","templated":true}]}}