{"id":22817,"date":"2021-09-22T10:14:20","date_gmt":"2021-09-22T10:14:20","guid":{"rendered":"https:\/\/blogdorogeriogomes.com.br\/?p=22817"},"modified":"2021-09-22T13:26:05","modified_gmt":"2021-09-22T13:26:05","slug":"marcelo-queiroga-testa-positivo-para-covid-19-nos-eua-e-leva-invertida-do-stf-que-volta-a-liberar-vacina-para-os-adolescentes","status":"publish","type":"post","link":"https:\/\/blogdorogeriogomes.com.br\/noticias\/2021\/09\/marcelo-queiroga-testa-positivo-para-covid-19-nos-eua-e-leva-invertida-do-stf-que-volta-a-liberar-vacina-para-os-adolescentes\/","title":{"rendered":"Marcelo Queiroga testa positivo para Covid-19 nos EUA e leva invertida do STF que volta a liberar vacina para os adolescentes"},"content":{"rendered":"\n<p>O ministro da Sa\u00fade, Marcelo Queiroga, acompanhou a comitiva do presidente Jair Bolsonaro a Nova York. Nesta ter\u00e7a-feira, dia  21 de setembro, Queiroga testou positivo para a Covid-19 e permanecer\u00e1 de quarentena nos Estados Unidos. Foi o segundo membro da comitiva de Bolsonaro a se contaminar durante a viagem.<\/p>\n\n\n\n<p>Membros da CPI da Covid-19 no Senado Federal desejaram pronta recupera\u00e7\u00e3o ao ministro, mas reafirmaram que a comiss\u00e3o estar\u00e1 esperando Marcelo Queiroga para o seu terceiro depoimento na CPI, que apura novas den\u00fancias envolvendo testes com rem\u00e9dios ineficazes para a Covid-19 pelo plano Prevent S\u00eanior.<\/p>\n\n\n\n<p>O ministro Marcelo Queiroga ainda tomou ontem uma invertida do Supremo Tribunal Federal (STF), que voltou a liberar a imuniza\u00e7\u00e3o de adolescentes sem cormobidades contra o coronav\u00edrus. O ministro do STF, Ricardo Lewandowski, determinou que cabe a estados e a munic\u00edpios decidirem sobre a vacina\u00e7\u00e3o dos jovens. Segundo o ministro, os gestores locais devem seguir a recomenda\u00e7\u00e3o dos fabricantes, da comunidade cient\u00edfica e da Anvisa pela vacina.<\/p>\n\n\n\n<figure class=\"wp-block-image size-large\"><img loading=\"lazy\" decoding=\"async\" width=\"554\" height=\"554\" src=\"https:\/\/blogdorogeriogomes.com.br\/wp-content\/uploads\/2021\/09\/images-23.jpeg\" alt=\"\" class=\"wp-image-22819\" srcset=\"https:\/\/blogdorogeriogomes.com.br\/noticias\/wp-content\/uploads\/2021\/09\/images-23.jpeg 554w, https:\/\/blogdorogeriogomes.com.br\/noticias\/wp-content\/uploads\/2021\/09\/images-23-300x300.jpeg 300w, https:\/\/blogdorogeriogomes.com.br\/noticias\/wp-content\/uploads\/2021\/09\/images-23-150x150.jpeg 150w, https:\/\/blogdorogeriogomes.com.br\/noticias\/wp-content\/uploads\/2021\/09\/images-23-250x250.jpeg 250w\" sizes=\"auto, (max-width: 554px) 100vw, 554px\" \/><\/figure>\n","protected":false},"excerpt":{"rendered":"<p>O ministro da Sa\u00fade, Marcelo Queiroga, acompanhou a comitiva do presidente Jair Bolsonaro a Nova York. Nesta ter\u00e7a-feira, dia 21 de setembro, Queiroga testou positivo para a Covid-19 e permanecer\u00e1 de quarentena nos Estados Unidos. Foi o segundo membro da comitiva de Bolsonaro a se contaminar durante a viagem. Membros da CPI da Covid-19 no Senado Federal desejaram pronta recupera\u00e7\u00e3o ao ministro, mas reafirmaram que a comiss\u00e3o estar\u00e1 esperando Marcelo Queiroga para o seu terceiro depoimento na CPI, que&hellip;<\/p>\n","protected":false},"author":1,"featured_media":22819,"comment_status":"open","ping_status":"open","sticky":false,"template":"","format":"standard","meta":{"footnotes":""},"categories":[1],"tags":[],"class_list":["post-22817","post","type-post","status-publish","format-standard","has-post-thumbnail","hentry","category-noticias"],"_links":{"self":[{"href":"https:\/\/blogdorogeriogomes.com.br\/noticias\/wp-json\/wp\/v2\/posts\/22817","targetHints":{"allow":["GET"]}}],"collection":[{"href":"https:\/\/blogdorogeriogomes.com.br\/noticias\/wp-json\/wp\/v2\/posts"}],"about":[{"href":"https:\/\/blogdorogeriogomes.com.br\/noticias\/wp-json\/wp\/v2\/types\/post"}],"author":[{"embeddable":true,"href":"https:\/\/blogdorogeriogomes.com.br\/noticias\/wp-json\/wp\/v2\/users\/1"}],"replies":[{"embeddable":true,"href":"https:\/\/blogdorogeriogomes.com.br\/noticias\/wp-json\/wp\/v2\/comments?post=22817"}],"version-history":[{"count":1,"href":"https:\/\/blogdorogeriogomes.com.br\/noticias\/wp-json\/wp\/v2\/posts\/22817\/revisions"}],"predecessor-version":[{"id":22820,"href":"https:\/\/blogdorogeriogomes.com.br\/noticias\/wp-json\/wp\/v2\/posts\/22817\/revisions\/22820"}],"wp:featuredmedia":[{"embeddable":true,"href":"https:\/\/blogdorogeriogomes.com.br\/noticias\/wp-json\/wp\/v2\/media\/22819"}],"wp:attachment":[{"href":"https:\/\/blogdorogeriogomes.com.br\/noticias\/wp-json\/wp\/v2\/media?parent=22817"}],"wp:term":[{"taxonomy":"category","embeddable":true,"href":"https:\/\/blogdorogeriogomes.com.br\/noticias\/wp-json\/wp\/v2\/categories?post=22817"},{"taxonomy":"post_tag","embeddable":true,"href":"https:\/\/blogdorogeriogomes.com.br\/noticias\/wp-json\/wp\/v2\/tags?post=22817"}],"curies":[{"name":"wp","href":"https:\/\/api.w.org\/{rel}","templated":true}]}}