{"id":22821,"date":"2021-09-22T10:43:53","date_gmt":"2021-09-22T10:43:53","guid":{"rendered":"https:\/\/blogdorogeriogomes.com.br\/?p=22821"},"modified":"2021-09-22T13:25:58","modified_gmt":"2021-09-22T13:25:58","slug":"camilo-santana-participa-de-reuniao-com-governadores-em-sao-paulo-para-discutir-avanco-na-imunizacao-contra-a-covid-19","status":"publish","type":"post","link":"https:\/\/blogdorogeriogomes.com.br\/noticias\/2021\/09\/camilo-santana-participa-de-reuniao-com-governadores-em-sao-paulo-para-discutir-avanco-na-imunizacao-contra-a-covid-19\/","title":{"rendered":"Camilo Santana participa de reuni\u00e3o com governadores em S\u00e3o Paulo para discutir avan\u00e7o na imuniza\u00e7\u00e3o contra a Covid-19"},"content":{"rendered":"\n<p>O governador do Cear\u00e1, Camilo Santana, participa nesta quarta-feira, dia 22 de setembro, de uma reuni\u00e3o com outros governadores, em S\u00e3o Paulo. O governador paulista Jo\u00e3o D\u00f3ria recebe outros gestores estaduais, como Helder Barbalho, governador do Par\u00e1; Wellington Dias, do Piau\u00ed; e Renato Casagrande, do Esp\u00edrito Santo.&nbsp;No tema da reuni\u00e3o estar\u00e3o o avan\u00e7o na imuniza\u00e7\u00e3o contra a Covid-19 e a compra direta de&nbsp;imunizantes do Instituto Butantan, que produz a vacina CoronaVac.<\/p>\n\n\n\n<p>Na oportunidade, Jo\u00e3o D\u00f3ria far\u00e1 a entrega direta de doses da CoronaVac para Camilo Santana. A remessa ser\u00e1 distribu\u00edda entre munic\u00edpios do Cear\u00e1. O Estado tem um total de&nbsp;3.220.833&nbsp;pessoas que completaram a imuniza\u00e7\u00e3o contra a Covid-19 (duas doses de AstraZeneca, CoronaVac, Pfizer ou dose \u00fanica da Janssen). A&nbsp;quantidade&nbsp;equivale a&nbsp;34,85% da popula\u00e7\u00e3o vacinada.<\/p>\n\n\n\n<figure class=\"wp-block-image size-large\"><img loading=\"lazy\" decoding=\"async\" width=\"984\" height=\"655\" src=\"https:\/\/blogdorogeriogomes.com.br\/wp-content\/uploads\/2021\/09\/camilo-doria.jpg\" alt=\"\" class=\"wp-image-22822\" srcset=\"https:\/\/blogdorogeriogomes.com.br\/noticias\/wp-content\/uploads\/2021\/09\/camilo-doria.jpg 984w, https:\/\/blogdorogeriogomes.com.br\/noticias\/wp-content\/uploads\/2021\/09\/camilo-doria-300x200.jpg 300w, https:\/\/blogdorogeriogomes.com.br\/noticias\/wp-content\/uploads\/2021\/09\/camilo-doria-768x511.jpg 768w, https:\/\/blogdorogeriogomes.com.br\/noticias\/wp-content\/uploads\/2021\/09\/camilo-doria-800x533.jpg 800w\" sizes=\"auto, (max-width: 984px) 100vw, 984px\" \/><\/figure>\n\n\n\n<p><\/p>\n","protected":false},"excerpt":{"rendered":"<p>O governador do Cear\u00e1, Camilo Santana, participa nesta quarta-feira, dia 22 de setembro, de uma reuni\u00e3o com outros governadores, em S\u00e3o Paulo. O governador paulista Jo\u00e3o D\u00f3ria recebe outros gestores estaduais, como Helder Barbalho, governador do Par\u00e1; Wellington Dias, do Piau\u00ed; e Renato Casagrande, do Esp\u00edrito Santo.&nbsp;No tema da reuni\u00e3o estar\u00e3o o avan\u00e7o na imuniza\u00e7\u00e3o contra a Covid-19 e a compra direta de&nbsp;imunizantes do Instituto Butantan, que produz a vacina CoronaVac. Na oportunidade, Jo\u00e3o D\u00f3ria far\u00e1 a entrega direta&hellip;<\/p>\n","protected":false},"author":1,"featured_media":22822,"comment_status":"open","ping_status":"open","sticky":false,"template":"","format":"standard","meta":{"footnotes":""},"categories":[1],"tags":[],"class_list":["post-22821","post","type-post","status-publish","format-standard","has-post-thumbnail","hentry","category-noticias"],"_links":{"self":[{"href":"https:\/\/blogdorogeriogomes.com.br\/noticias\/wp-json\/wp\/v2\/posts\/22821","targetHints":{"allow":["GET"]}}],"collection":[{"href":"https:\/\/blogdorogeriogomes.com.br\/noticias\/wp-json\/wp\/v2\/posts"}],"about":[{"href":"https:\/\/blogdorogeriogomes.com.br\/noticias\/wp-json\/wp\/v2\/types\/post"}],"author":[{"embeddable":true,"href":"https:\/\/blogdorogeriogomes.com.br\/noticias\/wp-json\/wp\/v2\/users\/1"}],"replies":[{"embeddable":true,"href":"https:\/\/blogdorogeriogomes.com.br\/noticias\/wp-json\/wp\/v2\/comments?post=22821"}],"version-history":[{"count":2,"href":"https:\/\/blogdorogeriogomes.com.br\/noticias\/wp-json\/wp\/v2\/posts\/22821\/revisions"}],"predecessor-version":[{"id":22824,"href":"https:\/\/blogdorogeriogomes.com.br\/noticias\/wp-json\/wp\/v2\/posts\/22821\/revisions\/22824"}],"wp:featuredmedia":[{"embeddable":true,"href":"https:\/\/blogdorogeriogomes.com.br\/noticias\/wp-json\/wp\/v2\/media\/22822"}],"wp:attachment":[{"href":"https:\/\/blogdorogeriogomes.com.br\/noticias\/wp-json\/wp\/v2\/media?parent=22821"}],"wp:term":[{"taxonomy":"category","embeddable":true,"href":"https:\/\/blogdorogeriogomes.com.br\/noticias\/wp-json\/wp\/v2\/categories?post=22821"},{"taxonomy":"post_tag","embeddable":true,"href":"https:\/\/blogdorogeriogomes.com.br\/noticias\/wp-json\/wp\/v2\/tags?post=22821"}],"curies":[{"name":"wp","href":"https:\/\/api.w.org\/{rel}","templated":true}]}}