{"id":22828,"date":"2021-09-22T20:55:00","date_gmt":"2021-09-22T20:55:00","guid":{"rendered":"https:\/\/blogdorogeriogomes.com.br\/?p=22828"},"modified":"2021-09-23T10:44:41","modified_gmt":"2021-09-23T10:44:41","slug":"assembleia-legislativa-realiza-debate-sobre-campanha-do-setembro-amarelo","status":"publish","type":"post","link":"https:\/\/blogdorogeriogomes.com.br\/noticias\/2021\/09\/assembleia-legislativa-realiza-debate-sobre-campanha-do-setembro-amarelo\/","title":{"rendered":"Assembleia Legislativa realiza debate sobre campanha do &#8220;Setembro Amarelo&#8221;"},"content":{"rendered":"\n<p>No Brasil, todos os dias, em torno de 32 pessoas d\u00e3o fim \u00e0 pr\u00f3pria vida. O n\u00famero corresponde a uma morte a cada 45 minutos. O dia 10 de setembro \u00e9 o Dia Mundial de Preven\u00e7\u00e3o ao Suic\u00eddio. O &#8220;Setembro Amarelo&#8221; se constitui uma campanha nacional que marca o m\u00eas dedicado \u00e0 preven\u00e7\u00e3o ao suic\u00eddio, uma iniciativa do Centro de Valoriza\u00e7\u00e3o da Vida (CVV), da Associa\u00e7\u00e3o Brasileira de Psiquiatria e do Conselho Federal de Medicina. &#8220;Preven\u00e7\u00e3o ao suic\u00eddio: porque falar \u00e9 a melhor solu\u00e7\u00e3o&#8221; \u00e9 o tema do \u201cGrandes Debates \u2013 Parlamento Protagonista\u201d do m\u00eas, com a participa\u00e7\u00e3o do Promotor de Justi\u00e7a Hugo Magalh\u00e3es, da psic\u00f3loga e educadora Alessandra Xavier, e da deputada estadual \u00c9rika Amorim, do PSD, com media\u00e7\u00e3o do jornalista Ruy Lima. O programa ser\u00e1 exibido em 24 de setembro, \u00e0s 21 horas, pela TV Assembleia e redes da Casa.<\/p>\n\n\n\n<p>Um estudo do CVV aponta que, para cada suic\u00eddio, um grupo de at\u00e9 20 pessoas \u00e9 impactado diretamente A campanha deste ano vai al\u00e9m do falar. O tema \u00e9 &#8220;Agir salva vidas&#8221;. A data foi criada pela Associa\u00e7\u00e3o Internacional para a Preven\u00e7\u00e3o do Suic\u00eddio e pela Organiza\u00e7\u00e3o Mundial da Sa\u00fade (OMS) para chamar a aten\u00e7\u00e3o de governos e da sociedade civil para a import\u00e2ncia do assunto.<\/p>\n\n\n\n\n\n<figure class=\"wp-block-image size-large\"><img loading=\"lazy\" decoding=\"async\" width=\"1024\" height=\"682\" src=\"https:\/\/blogdorogeriogomes.com.br\/wp-content\/uploads\/2021\/09\/assembleia_amarela_1-16959121-1024x682.jpg\" alt=\"\" class=\"wp-image-22829\" srcset=\"https:\/\/blogdorogeriogomes.com.br\/noticias\/wp-content\/uploads\/2021\/09\/assembleia_amarela_1-16959121-1024x682.jpg 1024w, https:\/\/blogdorogeriogomes.com.br\/noticias\/wp-content\/uploads\/2021\/09\/assembleia_amarela_1-16959121-300x200.jpg 300w, https:\/\/blogdorogeriogomes.com.br\/noticias\/wp-content\/uploads\/2021\/09\/assembleia_amarela_1-16959121-768x512.jpg 768w, https:\/\/blogdorogeriogomes.com.br\/noticias\/wp-content\/uploads\/2021\/09\/assembleia_amarela_1-16959121-1536x1023.jpg 1536w, https:\/\/blogdorogeriogomes.com.br\/noticias\/wp-content\/uploads\/2021\/09\/assembleia_amarela_1-16959121-800x533.jpg 800w, https:\/\/blogdorogeriogomes.com.br\/noticias\/wp-content\/uploads\/2021\/09\/assembleia_amarela_1-16959121.jpg 1920w\" sizes=\"auto, (max-width: 1024px) 100vw, 1024px\" \/><\/figure>\n","protected":false},"excerpt":{"rendered":"<p>No Brasil, todos os dias, em torno de 32 pessoas d\u00e3o fim \u00e0 pr\u00f3pria vida. O n\u00famero corresponde a uma morte a cada 45 minutos. O dia 10 de setembro \u00e9 o Dia Mundial de Preven\u00e7\u00e3o ao Suic\u00eddio. O &#8220;Setembro Amarelo&#8221; se constitui uma campanha nacional que marca o m\u00eas dedicado \u00e0 preven\u00e7\u00e3o ao suic\u00eddio, uma iniciativa do Centro de Valoriza\u00e7\u00e3o da Vida (CVV), da Associa\u00e7\u00e3o Brasileira de Psiquiatria e do Conselho Federal de Medicina. &#8220;Preven\u00e7\u00e3o ao suic\u00eddio: porque&hellip;<\/p>\n","protected":false},"author":1,"featured_media":22829,"comment_status":"open","ping_status":"open","sticky":false,"template":"","format":"standard","meta":{"footnotes":""},"categories":[1],"tags":[],"class_list":["post-22828","post","type-post","status-publish","format-standard","has-post-thumbnail","hentry","category-noticias"],"_links":{"self":[{"href":"https:\/\/blogdorogeriogomes.com.br\/noticias\/wp-json\/wp\/v2\/posts\/22828","targetHints":{"allow":["GET"]}}],"collection":[{"href":"https:\/\/blogdorogeriogomes.com.br\/noticias\/wp-json\/wp\/v2\/posts"}],"about":[{"href":"https:\/\/blogdorogeriogomes.com.br\/noticias\/wp-json\/wp\/v2\/types\/post"}],"author":[{"embeddable":true,"href":"https:\/\/blogdorogeriogomes.com.br\/noticias\/wp-json\/wp\/v2\/users\/1"}],"replies":[{"embeddable":true,"href":"https:\/\/blogdorogeriogomes.com.br\/noticias\/wp-json\/wp\/v2\/comments?post=22828"}],"version-history":[{"count":1,"href":"https:\/\/blogdorogeriogomes.com.br\/noticias\/wp-json\/wp\/v2\/posts\/22828\/revisions"}],"predecessor-version":[{"id":22830,"href":"https:\/\/blogdorogeriogomes.com.br\/noticias\/wp-json\/wp\/v2\/posts\/22828\/revisions\/22830"}],"wp:featuredmedia":[{"embeddable":true,"href":"https:\/\/blogdorogeriogomes.com.br\/noticias\/wp-json\/wp\/v2\/media\/22829"}],"wp:attachment":[{"href":"https:\/\/blogdorogeriogomes.com.br\/noticias\/wp-json\/wp\/v2\/media?parent=22828"}],"wp:term":[{"taxonomy":"category","embeddable":true,"href":"https:\/\/blogdorogeriogomes.com.br\/noticias\/wp-json\/wp\/v2\/categories?post=22828"},{"taxonomy":"post_tag","embeddable":true,"href":"https:\/\/blogdorogeriogomes.com.br\/noticias\/wp-json\/wp\/v2\/tags?post=22828"}],"curies":[{"name":"wp","href":"https:\/\/api.w.org\/{rel}","templated":true}]}}