{"id":22832,"date":"2021-09-22T22:52:17","date_gmt":"2021-09-22T22:52:17","guid":{"rendered":"https:\/\/blogdorogeriogomes.com.br\/?p=22832"},"modified":"2021-09-23T10:44:30","modified_gmt":"2021-09-23T10:44:30","slug":"senado-aprova-pec-da-reforma-eleitoral-e-barra-volta-das-coligacoes-nas-disputas-para-deputado-federal-e-estadual","status":"publish","type":"post","link":"https:\/\/blogdorogeriogomes.com.br\/noticias\/2021\/09\/senado-aprova-pec-da-reforma-eleitoral-e-barra-volta-das-coligacoes-nas-disputas-para-deputado-federal-e-estadual\/","title":{"rendered":"Senado aprova PEC da reforma eleitoral e barra volta das coliga\u00e7\u00f5es nas disputas para deputado federal e estadual"},"content":{"rendered":"\n<p>Nas elei\u00e7\u00f5es de 2022, as coliga\u00e7\u00f5es partid\u00e1rias para as disputas proporcionais continuam proibidas. O Senado Federal aprovou nesta quarta-feira, dia 22 de setembro, em dois turnos, a Proposta de Emenda \u00e0 Constitui\u00e7\u00e3o (PEC) da reforma eleitoral. Em agosto passado, a C\u00e2mara dos Deputados tinha aprovado o retorno das coliga\u00e7\u00f5es, mas a ideia foi rejeitada pelos senadores. O trecho que foi retirado ap\u00f3s sugest\u00e3o da relatora da PEC, a senadora Simone Tebet (MDB-MS).<\/p>\n\n\n\n<p>A forma\u00e7\u00e3o de coliga\u00e7\u00f5es permite a uni\u00e3o de partidos, muitas vezes sem a mesma ideologia partid\u00e1ria, em um \u00fanico bloco para a disputa das elei\u00e7\u00f5es proporcionais (deputados e vereadores). O mecanismo favorecia os chamados \u201cpartidos de aluguel\u201d<\/p>\n\n\n\n<p>A PEC aprovada pelo Senado mant\u00e9m ainda o chamado &#8220;peso dois&#8221;, que ser\u00e1 usado para o c\u00e1lculo de distribui\u00e7\u00e3o dos fundos partid\u00e1rio e eleitoral \u00e0s siglas at\u00e9 2030, aos votos dados a mulheres e negros para a C\u00e2mara.<\/p>\n\n\n\n<figure class=\"wp-block-image size-large\"><img loading=\"lazy\" decoding=\"async\" width=\"1024\" height=\"576\" src=\"https:\/\/blogdorogeriogomes.com.br\/wp-content\/uploads\/2021\/09\/51504359303-bc9e54488e-k-1024x576.jpg\" alt=\"\" class=\"wp-image-22833\" srcset=\"https:\/\/blogdorogeriogomes.com.br\/noticias\/wp-content\/uploads\/2021\/09\/51504359303-bc9e54488e-k-1024x576.jpg 1024w, https:\/\/blogdorogeriogomes.com.br\/noticias\/wp-content\/uploads\/2021\/09\/51504359303-bc9e54488e-k-300x169.jpg 300w, https:\/\/blogdorogeriogomes.com.br\/noticias\/wp-content\/uploads\/2021\/09\/51504359303-bc9e54488e-k-768x432.jpg 768w, https:\/\/blogdorogeriogomes.com.br\/noticias\/wp-content\/uploads\/2021\/09\/51504359303-bc9e54488e-k-800x450.jpg 800w, https:\/\/blogdorogeriogomes.com.br\/noticias\/wp-content\/uploads\/2021\/09\/51504359303-bc9e54488e-k.jpg 1080w\" sizes=\"auto, (max-width: 1024px) 100vw, 1024px\" \/><\/figure>\n","protected":false},"excerpt":{"rendered":"<p>Nas elei\u00e7\u00f5es de 2022, as coliga\u00e7\u00f5es partid\u00e1rias para as disputas proporcionais continuam proibidas. O Senado Federal aprovou nesta quarta-feira, dia 22 de setembro, em dois turnos, a Proposta de Emenda \u00e0 Constitui\u00e7\u00e3o (PEC) da reforma eleitoral. Em agosto passado, a C\u00e2mara dos Deputados tinha aprovado o retorno das coliga\u00e7\u00f5es, mas a ideia foi rejeitada pelos senadores. O trecho que foi retirado ap\u00f3s sugest\u00e3o da relatora da PEC, a senadora Simone Tebet (MDB-MS). A forma\u00e7\u00e3o de coliga\u00e7\u00f5es permite a uni\u00e3o&hellip;<\/p>\n","protected":false},"author":1,"featured_media":22833,"comment_status":"open","ping_status":"open","sticky":false,"template":"","format":"standard","meta":{"footnotes":""},"categories":[1],"tags":[],"class_list":["post-22832","post","type-post","status-publish","format-standard","has-post-thumbnail","hentry","category-noticias"],"_links":{"self":[{"href":"https:\/\/blogdorogeriogomes.com.br\/noticias\/wp-json\/wp\/v2\/posts\/22832","targetHints":{"allow":["GET"]}}],"collection":[{"href":"https:\/\/blogdorogeriogomes.com.br\/noticias\/wp-json\/wp\/v2\/posts"}],"about":[{"href":"https:\/\/blogdorogeriogomes.com.br\/noticias\/wp-json\/wp\/v2\/types\/post"}],"author":[{"embeddable":true,"href":"https:\/\/blogdorogeriogomes.com.br\/noticias\/wp-json\/wp\/v2\/users\/1"}],"replies":[{"embeddable":true,"href":"https:\/\/blogdorogeriogomes.com.br\/noticias\/wp-json\/wp\/v2\/comments?post=22832"}],"version-history":[{"count":1,"href":"https:\/\/blogdorogeriogomes.com.br\/noticias\/wp-json\/wp\/v2\/posts\/22832\/revisions"}],"predecessor-version":[{"id":22834,"href":"https:\/\/blogdorogeriogomes.com.br\/noticias\/wp-json\/wp\/v2\/posts\/22832\/revisions\/22834"}],"wp:featuredmedia":[{"embeddable":true,"href":"https:\/\/blogdorogeriogomes.com.br\/noticias\/wp-json\/wp\/v2\/media\/22833"}],"wp:attachment":[{"href":"https:\/\/blogdorogeriogomes.com.br\/noticias\/wp-json\/wp\/v2\/media?parent=22832"}],"wp:term":[{"taxonomy":"category","embeddable":true,"href":"https:\/\/blogdorogeriogomes.com.br\/noticias\/wp-json\/wp\/v2\/categories?post=22832"},{"taxonomy":"post_tag","embeddable":true,"href":"https:\/\/blogdorogeriogomes.com.br\/noticias\/wp-json\/wp\/v2\/tags?post=22832"}],"curies":[{"name":"wp","href":"https:\/\/api.w.org\/{rel}","templated":true}]}}