{"id":22843,"date":"2021-09-23T22:50:02","date_gmt":"2021-09-23T22:50:02","guid":{"rendered":"https:\/\/blogdorogeriogomes.com.br\/?p=22843"},"modified":"2021-09-24T17:57:12","modified_gmt":"2021-09-24T17:57:12","slug":"concurso-para-servidores-da-assembleia-legislativa-e-marcado-para-19-de-dezembro","status":"publish","type":"post","link":"https:\/\/blogdorogeriogomes.com.br\/noticias\/2021\/09\/concurso-para-servidores-da-assembleia-legislativa-e-marcado-para-19-de-dezembro\/","title":{"rendered":"Concurso para servidores da Assembleia Legislativa \u00e9 marcado para 19 de dezembro"},"content":{"rendered":"\n<p>A Assembleia Legislativa do Cear\u00e1 realiza concurso p\u00fablico para novos servidores em 19 de dezembro. A data foi confirmada pelo presidente da Assembleia, deputado Evandro Leit\u00e3o. <\/p>\n\n\n\n<p>O certame estava previsto anteriormente para 7 de novembro. A mudan\u00e7a havia sido solicitada ao Centro Brasileiro de Pesquisa em Avalia\u00e7\u00e3o e Sele\u00e7\u00e3o e de Promo\u00e7\u00e3o de Eventos (Cebraspe), pois a antiga data era a mesma da realiza\u00e7\u00e3o do concurso da Pol\u00edcia Militar do Cear\u00e1.<\/p>\n\n\n\n<p>Na sess\u00e3o desta quinta-feira, dia 23 de setembro, Evandro Leit\u00e3o tamb\u00e9m confirmou a realiza\u00e7\u00e3o da Assembleia Itinerante em Itapipoca, no pr\u00f3ximo dia 30 de setembro. Prevista no regimento da Casa, a programa\u00e7\u00e3o leva os trabalhos legislativos para o interior do Estado, descentralizando as tomadas de decis\u00f5es que acontecem na sede do Poder Legislativo, na capital.<\/p>\n\n\n\n<figure class=\"wp-block-image size-large\"><img loading=\"lazy\" decoding=\"async\" width=\"1024\" height=\"682\" src=\"https:\/\/blogdorogeriogomes.com.br\/wp-content\/uploads\/2021\/09\/IMG-20210923-WA0085-1024x682.jpg\" alt=\"\" class=\"wp-image-22844\" srcset=\"https:\/\/blogdorogeriogomes.com.br\/noticias\/wp-content\/uploads\/2021\/09\/IMG-20210923-WA0085-1024x682.jpg 1024w, https:\/\/blogdorogeriogomes.com.br\/noticias\/wp-content\/uploads\/2021\/09\/IMG-20210923-WA0085-300x200.jpg 300w, https:\/\/blogdorogeriogomes.com.br\/noticias\/wp-content\/uploads\/2021\/09\/IMG-20210923-WA0085-768x512.jpg 768w, https:\/\/blogdorogeriogomes.com.br\/noticias\/wp-content\/uploads\/2021\/09\/IMG-20210923-WA0085-800x533.jpg 800w, https:\/\/blogdorogeriogomes.com.br\/noticias\/wp-content\/uploads\/2021\/09\/IMG-20210923-WA0085.jpg 1280w\" sizes=\"auto, (max-width: 1024px) 100vw, 1024px\" \/><\/figure>\n\n\n\n<p><\/p>\n","protected":false},"excerpt":{"rendered":"<p>A Assembleia Legislativa do Cear\u00e1 realiza concurso p\u00fablico para novos servidores em 19 de dezembro. A data foi confirmada pelo presidente da Assembleia, deputado Evandro Leit\u00e3o. O certame estava previsto anteriormente para 7 de novembro. A mudan\u00e7a havia sido solicitada ao Centro Brasileiro de Pesquisa em Avalia\u00e7\u00e3o e Sele\u00e7\u00e3o e de Promo\u00e7\u00e3o de Eventos (Cebraspe), pois a antiga data era a mesma da realiza\u00e7\u00e3o do concurso da Pol\u00edcia Militar do Cear\u00e1. Na sess\u00e3o desta quinta-feira, dia 23 de setembro,&hellip;<\/p>\n","protected":false},"author":1,"featured_media":22844,"comment_status":"open","ping_status":"open","sticky":false,"template":"","format":"standard","meta":{"footnotes":""},"categories":[1],"tags":[],"class_list":["post-22843","post","type-post","status-publish","format-standard","has-post-thumbnail","hentry","category-noticias"],"_links":{"self":[{"href":"https:\/\/blogdorogeriogomes.com.br\/noticias\/wp-json\/wp\/v2\/posts\/22843","targetHints":{"allow":["GET"]}}],"collection":[{"href":"https:\/\/blogdorogeriogomes.com.br\/noticias\/wp-json\/wp\/v2\/posts"}],"about":[{"href":"https:\/\/blogdorogeriogomes.com.br\/noticias\/wp-json\/wp\/v2\/types\/post"}],"author":[{"embeddable":true,"href":"https:\/\/blogdorogeriogomes.com.br\/noticias\/wp-json\/wp\/v2\/users\/1"}],"replies":[{"embeddable":true,"href":"https:\/\/blogdorogeriogomes.com.br\/noticias\/wp-json\/wp\/v2\/comments?post=22843"}],"version-history":[{"count":1,"href":"https:\/\/blogdorogeriogomes.com.br\/noticias\/wp-json\/wp\/v2\/posts\/22843\/revisions"}],"predecessor-version":[{"id":22845,"href":"https:\/\/blogdorogeriogomes.com.br\/noticias\/wp-json\/wp\/v2\/posts\/22843\/revisions\/22845"}],"wp:featuredmedia":[{"embeddable":true,"href":"https:\/\/blogdorogeriogomes.com.br\/noticias\/wp-json\/wp\/v2\/media\/22844"}],"wp:attachment":[{"href":"https:\/\/blogdorogeriogomes.com.br\/noticias\/wp-json\/wp\/v2\/media?parent=22843"}],"wp:term":[{"taxonomy":"category","embeddable":true,"href":"https:\/\/blogdorogeriogomes.com.br\/noticias\/wp-json\/wp\/v2\/categories?post=22843"},{"taxonomy":"post_tag","embeddable":true,"href":"https:\/\/blogdorogeriogomes.com.br\/noticias\/wp-json\/wp\/v2\/tags?post=22843"}],"curies":[{"name":"wp","href":"https:\/\/api.w.org\/{rel}","templated":true}]}}