{"id":22849,"date":"2021-09-24T10:25:08","date_gmt":"2021-09-24T10:25:08","guid":{"rendered":"https:\/\/blogdorogeriogomes.com.br\/?p=22849"},"modified":"2021-09-24T17:56:54","modified_gmt":"2021-09-24T17:56:54","slug":"vacinas-que-foram-compradas-diretamente-ao-butantan-sao-distribuidas-para-55-cidades-do-ceara","status":"publish","type":"post","link":"https:\/\/blogdorogeriogomes.com.br\/noticias\/2021\/09\/vacinas-que-foram-compradas-diretamente-ao-butantan-sao-distribuidas-para-55-cidades-do-ceara\/","title":{"rendered":"Vacinas que foram compradas diretamente ao Butantan s\u00e3o distribu\u00eddas para 55 cidades do Cear\u00e1"},"content":{"rendered":"\n<p>A Secretaria de Sa\u00fade do Cear\u00e1 distribui as 300 mil doses da CoronaVac compradas diretamente ao Instituto Butantan para 55 munic\u00edpios do interior do Estado. Segundo o secret\u00e1rio Marcos Gadelha, a ideia \u00e9 concluir a imuniza\u00e7\u00e3o da popula\u00e7\u00e3o adulta contra a Covid-19. As doses ser\u00e3o utilizadas para primeira (D1) e segunda (D2) aplica\u00e7\u00f5es de 150 mil pessoas.<\/p>\n\n\n\n<p>Fortaleza iniciar\u00e1 a aplica\u00e7\u00e3o da dose de refor\u00e7o contra a Covid-19 em idosos da popula\u00e7\u00e3o em geral a partir deste s\u00e1bado, dia 25 de setembro. A imuniza\u00e7\u00e3o ocorrer\u00e1 em ordem decrescente at\u00e9 chegar aos&nbsp;70 anos. O acesso ser\u00e1 garantido mediante&nbsp;agendamento pr\u00e9vio.<\/p>\n\n\n\n<figure class=\"wp-block-image size-large\"><img loading=\"lazy\" decoding=\"async\" width=\"418\" height=\"314\" src=\"https:\/\/blogdorogeriogomes.com.br\/wp-content\/uploads\/2021\/09\/CoronaVac.jpg\" alt=\"\" class=\"wp-image-22850\" srcset=\"https:\/\/blogdorogeriogomes.com.br\/noticias\/wp-content\/uploads\/2021\/09\/CoronaVac.jpg 418w, https:\/\/blogdorogeriogomes.com.br\/noticias\/wp-content\/uploads\/2021\/09\/CoronaVac-300x225.jpg 300w, https:\/\/blogdorogeriogomes.com.br\/noticias\/wp-content\/uploads\/2021\/09\/CoronaVac-400x300.jpg 400w\" sizes=\"auto, (max-width: 418px) 100vw, 418px\" \/><\/figure>\n","protected":false},"excerpt":{"rendered":"<p>A Secretaria de Sa\u00fade do Cear\u00e1 distribui as 300 mil doses da CoronaVac compradas diretamente ao Instituto Butantan para 55 munic\u00edpios do interior do Estado. Segundo o secret\u00e1rio Marcos Gadelha, a ideia \u00e9 concluir a imuniza\u00e7\u00e3o da popula\u00e7\u00e3o adulta contra a Covid-19. As doses ser\u00e3o utilizadas para primeira (D1) e segunda (D2) aplica\u00e7\u00f5es de 150 mil pessoas. Fortaleza iniciar\u00e1 a aplica\u00e7\u00e3o da dose de refor\u00e7o contra a Covid-19 em idosos da popula\u00e7\u00e3o em geral a partir deste s\u00e1bado, dia&hellip;<\/p>\n","protected":false},"author":1,"featured_media":22850,"comment_status":"open","ping_status":"open","sticky":false,"template":"","format":"standard","meta":{"footnotes":""},"categories":[1],"tags":[],"class_list":["post-22849","post","type-post","status-publish","format-standard","has-post-thumbnail","hentry","category-noticias"],"_links":{"self":[{"href":"https:\/\/blogdorogeriogomes.com.br\/noticias\/wp-json\/wp\/v2\/posts\/22849","targetHints":{"allow":["GET"]}}],"collection":[{"href":"https:\/\/blogdorogeriogomes.com.br\/noticias\/wp-json\/wp\/v2\/posts"}],"about":[{"href":"https:\/\/blogdorogeriogomes.com.br\/noticias\/wp-json\/wp\/v2\/types\/post"}],"author":[{"embeddable":true,"href":"https:\/\/blogdorogeriogomes.com.br\/noticias\/wp-json\/wp\/v2\/users\/1"}],"replies":[{"embeddable":true,"href":"https:\/\/blogdorogeriogomes.com.br\/noticias\/wp-json\/wp\/v2\/comments?post=22849"}],"version-history":[{"count":2,"href":"https:\/\/blogdorogeriogomes.com.br\/noticias\/wp-json\/wp\/v2\/posts\/22849\/revisions"}],"predecessor-version":[{"id":22856,"href":"https:\/\/blogdorogeriogomes.com.br\/noticias\/wp-json\/wp\/v2\/posts\/22849\/revisions\/22856"}],"wp:featuredmedia":[{"embeddable":true,"href":"https:\/\/blogdorogeriogomes.com.br\/noticias\/wp-json\/wp\/v2\/media\/22850"}],"wp:attachment":[{"href":"https:\/\/blogdorogeriogomes.com.br\/noticias\/wp-json\/wp\/v2\/media?parent=22849"}],"wp:term":[{"taxonomy":"category","embeddable":true,"href":"https:\/\/blogdorogeriogomes.com.br\/noticias\/wp-json\/wp\/v2\/categories?post=22849"},{"taxonomy":"post_tag","embeddable":true,"href":"https:\/\/blogdorogeriogomes.com.br\/noticias\/wp-json\/wp\/v2\/tags?post=22849"}],"curies":[{"name":"wp","href":"https:\/\/api.w.org\/{rel}","templated":true}]}}