{"id":22852,"date":"2021-09-24T10:46:39","date_gmt":"2021-09-24T10:46:39","guid":{"rendered":"https:\/\/blogdorogeriogomes.com.br\/?p=22852"},"modified":"2021-09-24T17:56:45","modified_gmt":"2021-09-24T17:56:45","slug":"desconfianca-na-presidencia-da-republica-chega-a-50-revela-pesquisa-datafolha","status":"publish","type":"post","link":"https:\/\/blogdorogeriogomes.com.br\/noticias\/2021\/09\/desconfianca-na-presidencia-da-republica-chega-a-50-revela-pesquisa-datafolha\/","title":{"rendered":"Desconfian\u00e7a na Presid\u00eancia da Rep\u00fablica chega a 50%, revela pesquisa Datafolha"},"content":{"rendered":"\n<p>O jornal Folha de S\u00e3o Paulo publica, nesta sexta-feira, dia 24 de setembro, pesquisa Datafolha que aponta queda na confian\u00e7a do brasileiro nos tr\u00eas poderes da Rep\u00fablica.<\/p>\n\n\n\n<p>&nbsp;A Presid\u00eancia da Rep\u00fablica tinha a desconfian\u00e7a de 31% dos entrevistados no \u00faltimo levantamento e agora est\u00e1 com 50%.<\/p>\n\n\n\n<ul class=\"wp-block-list\"><li><strong>Confia muito:&nbsp;<\/strong>16% (28% em julho de 2019 e 29% em abril de 2019)<\/li><li><strong>Confia pouco:&nbsp;<\/strong>33% (40% em julho de 2019 e 41% em abril de 2019)<\/li><li><strong>N\u00e3o confia:<\/strong>&nbsp;50% (31% em julho de 2019 e 29% em abril de 2019)<\/li><\/ul>\n\n\n\n<p>O Congresso Nacional tem rejei\u00e7\u00e3o de 49% segundo a consulta do Datafolha.<\/p>\n\n\n\n<ul class=\"wp-block-list\"><li><strong>Confia muito:<\/strong>&nbsp;4% (7% em julho de 2019 e 8% em abril de 2019)<\/li><li><strong>Confia pouco:&nbsp;<\/strong>46% (46% em julho de 2019 e 49% em abril de 2019)<\/li><li><strong>N\u00e3o confia:<\/strong>&nbsp;49% (45% em julho de 2019 e 41% em abril de 2019)<\/li><\/ul>\n\n\n\n<p>J\u00e1 o Supremo Tribunal Federal (STF) tamb\u00e9m inspira desconfian\u00e7a entre os entrevistados na consulta.<\/p>\n\n\n\n<ul class=\"wp-block-list\"><li><strong>Confia muito:&nbsp;<\/strong>15% (17% em julho de 2019 e 18% em abril de 2019)<\/li><li><strong>Confia pouco:<\/strong>&nbsp;44% (47% em julho de 2019 e 46% em abril de 2019)<\/li><li><strong>N\u00e3o confia:<\/strong>&nbsp;38% (33% em julho de 2019 e 32% em abril de 2019)<\/li><\/ul>\n\n\n\n<figure class=\"wp-block-image size-large\"><img loading=\"lazy\" decoding=\"async\" width=\"678\" height=\"452\" src=\"https:\/\/blogdorogeriogomes.com.br\/wp-content\/uploads\/2021\/09\/images-28.jpeg\" alt=\"\" class=\"wp-image-22853\" srcset=\"https:\/\/blogdorogeriogomes.com.br\/noticias\/wp-content\/uploads\/2021\/09\/images-28.jpeg 678w, https:\/\/blogdorogeriogomes.com.br\/noticias\/wp-content\/uploads\/2021\/09\/images-28-300x200.jpeg 300w\" sizes=\"auto, (max-width: 678px) 100vw, 678px\" \/><\/figure>\n","protected":false},"excerpt":{"rendered":"<p>O jornal Folha de S\u00e3o Paulo publica, nesta sexta-feira, dia 24 de setembro, pesquisa Datafolha que aponta queda na confian\u00e7a do brasileiro nos tr\u00eas poderes da Rep\u00fablica. &nbsp;A Presid\u00eancia da Rep\u00fablica tinha a desconfian\u00e7a de 31% dos entrevistados no \u00faltimo levantamento e agora est\u00e1 com 50%. Confia muito:&nbsp;16% (28% em julho de 2019 e 29% em abril de 2019) Confia pouco:&nbsp;33% (40% em julho de 2019 e 41% em abril de 2019) N\u00e3o confia:&nbsp;50% (31% em julho de 2019&hellip;<\/p>\n","protected":false},"author":1,"featured_media":22853,"comment_status":"open","ping_status":"open","sticky":false,"template":"","format":"standard","meta":{"footnotes":""},"categories":[1],"tags":[],"class_list":["post-22852","post","type-post","status-publish","format-standard","has-post-thumbnail","hentry","category-noticias"],"_links":{"self":[{"href":"https:\/\/blogdorogeriogomes.com.br\/noticias\/wp-json\/wp\/v2\/posts\/22852","targetHints":{"allow":["GET"]}}],"collection":[{"href":"https:\/\/blogdorogeriogomes.com.br\/noticias\/wp-json\/wp\/v2\/posts"}],"about":[{"href":"https:\/\/blogdorogeriogomes.com.br\/noticias\/wp-json\/wp\/v2\/types\/post"}],"author":[{"embeddable":true,"href":"https:\/\/blogdorogeriogomes.com.br\/noticias\/wp-json\/wp\/v2\/users\/1"}],"replies":[{"embeddable":true,"href":"https:\/\/blogdorogeriogomes.com.br\/noticias\/wp-json\/wp\/v2\/comments?post=22852"}],"version-history":[{"count":2,"href":"https:\/\/blogdorogeriogomes.com.br\/noticias\/wp-json\/wp\/v2\/posts\/22852\/revisions"}],"predecessor-version":[{"id":22855,"href":"https:\/\/blogdorogeriogomes.com.br\/noticias\/wp-json\/wp\/v2\/posts\/22852\/revisions\/22855"}],"wp:featuredmedia":[{"embeddable":true,"href":"https:\/\/blogdorogeriogomes.com.br\/noticias\/wp-json\/wp\/v2\/media\/22853"}],"wp:attachment":[{"href":"https:\/\/blogdorogeriogomes.com.br\/noticias\/wp-json\/wp\/v2\/media?parent=22852"}],"wp:term":[{"taxonomy":"category","embeddable":true,"href":"https:\/\/blogdorogeriogomes.com.br\/noticias\/wp-json\/wp\/v2\/categories?post=22852"},{"taxonomy":"post_tag","embeddable":true,"href":"https:\/\/blogdorogeriogomes.com.br\/noticias\/wp-json\/wp\/v2\/tags?post=22852"}],"curies":[{"name":"wp","href":"https:\/\/api.w.org\/{rel}","templated":true}]}}