{"id":22858,"date":"2021-09-24T22:01:49","date_gmt":"2021-09-24T22:01:49","guid":{"rendered":"https:\/\/blogdorogeriogomes.com.br\/?p=22858"},"modified":"2021-09-26T11:24:11","modified_gmt":"2021-09-26T11:24:11","slug":"acao-do-ministerio-publico-aponta-crimes-de-tortura-e-extorsao-cometidos-por-26-policiais-civis-do-ceara","status":"publish","type":"post","link":"https:\/\/blogdorogeriogomes.com.br\/noticias\/2021\/09\/acao-do-ministerio-publico-aponta-crimes-de-tortura-e-extorsao-cometidos-por-26-policiais-civis-do-ceara\/","title":{"rendered":"A\u00e7\u00e3o do Minist\u00e9rio P\u00fablico aponta crimes de tortura e extors\u00e3o cometidos por 26 policiais civis do Cear\u00e1"},"content":{"rendered":"\n<p>Uma a\u00e7\u00e3o do Minist\u00e9rio P\u00fablico Estadual est\u00e1 causando uma reviravolta dentro da Pol\u00edcia Civil do Cear\u00e1. O Grupo de Atua\u00e7\u00e3o Especial de Combate \u00e0s Organiza\u00e7\u00f5es Criminosas (Gaeco) do Minist\u00e9rio P\u00fablico do Cear\u00e1 denunciou 26 policiais civis do Cear\u00e1 e outras seis pessoas&nbsp;por participarem de um esquema que envolvia crimes como tortura, tr\u00e1fico de drogas, corrup\u00e7\u00e3o, extors\u00e3o, abuso de autoridade, peculato, prevarica\u00e7\u00e3o e associa\u00e7\u00e3o criminosa. Dentre os acusados h\u00e1 duas delegadas da Pol\u00edcia Civil que atuaram na Delegacia de Combate ao Tr\u00e1fico de Drogas. A den\u00fancia tem 298 p\u00e1ginas, foi iniciada h\u00e1 tr\u00eas anos e apresentada no m\u00eas passado.<\/p>\n\n\n\n<p>O MP est\u00e1 pedindo ao Poder Judici\u00e1rio busca e apreens\u00e3o nas resid\u00eancias dos denunciados, suspens\u00e3o do exerc\u00edcio de fun\u00e7\u00e3o p\u00fablica direcionada aos agentes, quebra do sigilo telem\u00e1tico dos materiais apreendidos, afastamento do sigilo banc\u00e1rio e fiscal e at\u00e9 mesmo pris\u00f5es.<\/p>\n\n\n\n<figure class=\"wp-block-image size-large\"><img loading=\"lazy\" decoding=\"async\" width=\"705\" height=\"435\" src=\"https:\/\/blogdorogeriogomes.com.br\/wp-content\/uploads\/2021\/09\/images-29.jpeg\" alt=\"\" class=\"wp-image-22859\" srcset=\"https:\/\/blogdorogeriogomes.com.br\/noticias\/wp-content\/uploads\/2021\/09\/images-29.jpeg 705w, https:\/\/blogdorogeriogomes.com.br\/noticias\/wp-content\/uploads\/2021\/09\/images-29-300x185.jpeg 300w\" sizes=\"auto, (max-width: 705px) 100vw, 705px\" \/><\/figure>\n","protected":false},"excerpt":{"rendered":"<p>Uma a\u00e7\u00e3o do Minist\u00e9rio P\u00fablico Estadual est\u00e1 causando uma reviravolta dentro da Pol\u00edcia Civil do Cear\u00e1. O Grupo de Atua\u00e7\u00e3o Especial de Combate \u00e0s Organiza\u00e7\u00f5es Criminosas (Gaeco) do Minist\u00e9rio P\u00fablico do Cear\u00e1 denunciou 26 policiais civis do Cear\u00e1 e outras seis pessoas&nbsp;por participarem de um esquema que envolvia crimes como tortura, tr\u00e1fico de drogas, corrup\u00e7\u00e3o, extors\u00e3o, abuso de autoridade, peculato, prevarica\u00e7\u00e3o e associa\u00e7\u00e3o criminosa. Dentre os acusados h\u00e1 duas delegadas da Pol\u00edcia Civil que atuaram na Delegacia de Combate&hellip;<\/p>\n","protected":false},"author":1,"featured_media":22859,"comment_status":"open","ping_status":"open","sticky":false,"template":"","format":"standard","meta":{"footnotes":""},"categories":[1],"tags":[],"class_list":["post-22858","post","type-post","status-publish","format-standard","has-post-thumbnail","hentry","category-noticias"],"_links":{"self":[{"href":"https:\/\/blogdorogeriogomes.com.br\/noticias\/wp-json\/wp\/v2\/posts\/22858","targetHints":{"allow":["GET"]}}],"collection":[{"href":"https:\/\/blogdorogeriogomes.com.br\/noticias\/wp-json\/wp\/v2\/posts"}],"about":[{"href":"https:\/\/blogdorogeriogomes.com.br\/noticias\/wp-json\/wp\/v2\/types\/post"}],"author":[{"embeddable":true,"href":"https:\/\/blogdorogeriogomes.com.br\/noticias\/wp-json\/wp\/v2\/users\/1"}],"replies":[{"embeddable":true,"href":"https:\/\/blogdorogeriogomes.com.br\/noticias\/wp-json\/wp\/v2\/comments?post=22858"}],"version-history":[{"count":2,"href":"https:\/\/blogdorogeriogomes.com.br\/noticias\/wp-json\/wp\/v2\/posts\/22858\/revisions"}],"predecessor-version":[{"id":22871,"href":"https:\/\/blogdorogeriogomes.com.br\/noticias\/wp-json\/wp\/v2\/posts\/22858\/revisions\/22871"}],"wp:featuredmedia":[{"embeddable":true,"href":"https:\/\/blogdorogeriogomes.com.br\/noticias\/wp-json\/wp\/v2\/media\/22859"}],"wp:attachment":[{"href":"https:\/\/blogdorogeriogomes.com.br\/noticias\/wp-json\/wp\/v2\/media?parent=22858"}],"wp:term":[{"taxonomy":"category","embeddable":true,"href":"https:\/\/blogdorogeriogomes.com.br\/noticias\/wp-json\/wp\/v2\/categories?post=22858"},{"taxonomy":"post_tag","embeddable":true,"href":"https:\/\/blogdorogeriogomes.com.br\/noticias\/wp-json\/wp\/v2\/tags?post=22858"}],"curies":[{"name":"wp","href":"https:\/\/api.w.org\/{rel}","templated":true}]}}