{"id":22861,"date":"2021-09-24T22:22:33","date_gmt":"2021-09-24T22:22:33","guid":{"rendered":"https:\/\/blogdorogeriogomes.com.br\/?p=22861"},"modified":"2021-09-26T11:23:57","modified_gmt":"2021-09-26T11:23:57","slug":"viagem-de-bolsonaro-e-comitiva-aos-eua-ainda-gera-mais-desgastes-com-vacina-e-novos-contaminados","status":"publish","type":"post","link":"https:\/\/blogdorogeriogomes.com.br\/noticias\/2021\/09\/viagem-de-bolsonaro-e-comitiva-aos-eua-ainda-gera-mais-desgastes-com-vacina-e-novos-contaminados\/","title":{"rendered":"Viagem de Bolsonaro e comitiva aos EUA ainda gera mais desgastes com vacina e novos contaminados"},"content":{"rendered":"\n<p>Se j\u00e1 n\u00e3o bastassem os constrangimentos vividos por Jair Bolsonaro e sua comitiva na viagem aos EUA para a assembleia geral da ONU, al\u00e9m de um discurso desastroso que ainda repercute negativamente no exterior, os &#8220;preju\u00edzos&#8221; continuam sendo colhidos. Um integrante do cerimonial da Presid\u00eancia da Rep\u00fablica e o ministro da Sa\u00fade, Marcelo Queiroga, testaram positivo para o coronav\u00edrus e est\u00e3o em quarentena. Nesta sexta-feira, dia 24 de setembro, foi a vez do filho do presidente Eduardo Bolsonaro tamb\u00e9m anunciar que foi contaminado na viagem e est\u00e1 com Covid-19.<\/p>\n\n\n\n<p>Outros dois integrantes do Governo Federal, que n\u00e3o integraram a comitiva que foi aos Estados Unidos, tamb\u00e9m confirmaram hoje que foram diagnosticados com o coronav\u00edrus: a ministra da Agricultura, Tereza Cristina, e o ministro da Advocacia-Geral da Uni\u00e3o, Bruno Bianco.<\/p>\n\n\n\n<p>Para completar as &#8220;lamban\u00e7as&#8221;, Bolsonaro afirmou em entrevista \u00e0 revista Veja, que a primeira-dama, Michelle Bolsonaro, se vacinou nesta semana nos Estados Unidos. Michelle integrou a comitiva presidencial, o que, para pol\u00edticos e infectologistas, s\u00f3 mostrou o desprezo da primeira-dama ao Sistema \u00danico de Sa\u00fade (SUS) e ao Programa Nacional de Imuniza\u00e7\u00f5es (PNI) que vem sendo implementado com tantas dificuldades no Brasil.<\/p>\n\n\n\n<figure class=\"wp-block-image size-large\"><img loading=\"lazy\" decoding=\"async\" width=\"1024\" height=\"576\" src=\"https:\/\/blogdorogeriogomes.com.br\/wp-content\/uploads\/2021\/09\/2021-09-21t121540z-692671989-rc2ytp9ewbki-rtrmadp-3-un-assembly-1024x576.jpg\" alt=\"\" class=\"wp-image-22862\" srcset=\"https:\/\/blogdorogeriogomes.com.br\/noticias\/wp-content\/uploads\/2021\/09\/2021-09-21t121540z-692671989-rc2ytp9ewbki-rtrmadp-3-un-assembly-1024x576.jpg 1024w, https:\/\/blogdorogeriogomes.com.br\/noticias\/wp-content\/uploads\/2021\/09\/2021-09-21t121540z-692671989-rc2ytp9ewbki-rtrmadp-3-un-assembly-300x169.jpg 300w, https:\/\/blogdorogeriogomes.com.br\/noticias\/wp-content\/uploads\/2021\/09\/2021-09-21t121540z-692671989-rc2ytp9ewbki-rtrmadp-3-un-assembly-768x432.jpg 768w, https:\/\/blogdorogeriogomes.com.br\/noticias\/wp-content\/uploads\/2021\/09\/2021-09-21t121540z-692671989-rc2ytp9ewbki-rtrmadp-3-un-assembly-800x450.jpg 800w, https:\/\/blogdorogeriogomes.com.br\/noticias\/wp-content\/uploads\/2021\/09\/2021-09-21t121540z-692671989-rc2ytp9ewbki-rtrmadp-3-un-assembly.jpg 1080w\" sizes=\"auto, (max-width: 1024px) 100vw, 1024px\" \/><\/figure>\n","protected":false},"excerpt":{"rendered":"<p>Se j\u00e1 n\u00e3o bastassem os constrangimentos vividos por Jair Bolsonaro e sua comitiva na viagem aos EUA para a assembleia geral da ONU, al\u00e9m de um discurso desastroso que ainda repercute negativamente no exterior, os &#8220;preju\u00edzos&#8221; continuam sendo colhidos. Um integrante do cerimonial da Presid\u00eancia da Rep\u00fablica e o ministro da Sa\u00fade, Marcelo Queiroga, testaram positivo para o coronav\u00edrus e est\u00e3o em quarentena. Nesta sexta-feira, dia 24 de setembro, foi a vez do filho do presidente Eduardo Bolsonaro tamb\u00e9m&hellip;<\/p>\n","protected":false},"author":1,"featured_media":22862,"comment_status":"open","ping_status":"open","sticky":false,"template":"","format":"standard","meta":{"footnotes":""},"categories":[1],"tags":[],"class_list":["post-22861","post","type-post","status-publish","format-standard","has-post-thumbnail","hentry","category-noticias"],"_links":{"self":[{"href":"https:\/\/blogdorogeriogomes.com.br\/noticias\/wp-json\/wp\/v2\/posts\/22861","targetHints":{"allow":["GET"]}}],"collection":[{"href":"https:\/\/blogdorogeriogomes.com.br\/noticias\/wp-json\/wp\/v2\/posts"}],"about":[{"href":"https:\/\/blogdorogeriogomes.com.br\/noticias\/wp-json\/wp\/v2\/types\/post"}],"author":[{"embeddable":true,"href":"https:\/\/blogdorogeriogomes.com.br\/noticias\/wp-json\/wp\/v2\/users\/1"}],"replies":[{"embeddable":true,"href":"https:\/\/blogdorogeriogomes.com.br\/noticias\/wp-json\/wp\/v2\/comments?post=22861"}],"version-history":[{"count":1,"href":"https:\/\/blogdorogeriogomes.com.br\/noticias\/wp-json\/wp\/v2\/posts\/22861\/revisions"}],"predecessor-version":[{"id":22863,"href":"https:\/\/blogdorogeriogomes.com.br\/noticias\/wp-json\/wp\/v2\/posts\/22861\/revisions\/22863"}],"wp:featuredmedia":[{"embeddable":true,"href":"https:\/\/blogdorogeriogomes.com.br\/noticias\/wp-json\/wp\/v2\/media\/22862"}],"wp:attachment":[{"href":"https:\/\/blogdorogeriogomes.com.br\/noticias\/wp-json\/wp\/v2\/media?parent=22861"}],"wp:term":[{"taxonomy":"category","embeddable":true,"href":"https:\/\/blogdorogeriogomes.com.br\/noticias\/wp-json\/wp\/v2\/categories?post=22861"},{"taxonomy":"post_tag","embeddable":true,"href":"https:\/\/blogdorogeriogomes.com.br\/noticias\/wp-json\/wp\/v2\/tags?post=22861"}],"curies":[{"name":"wp","href":"https:\/\/api.w.org\/{rel}","templated":true}]}}