{"id":22872,"date":"2021-09-27T09:34:15","date_gmt":"2021-09-27T09:34:15","guid":{"rendered":"https:\/\/blogdorogeriogomes.com.br\/?p=22872"},"modified":"2021-09-27T10:49:26","modified_gmt":"2021-09-27T10:49:26","slug":"segunda-feira-sera-de-comercio-fechado-em-fortaleza-pelo-dia-do-comerciario","status":"publish","type":"post","link":"https:\/\/blogdorogeriogomes.com.br\/noticias\/2021\/09\/segunda-feira-sera-de-comercio-fechado-em-fortaleza-pelo-dia-do-comerciario\/","title":{"rendered":"Segunda-feira ser\u00e1 de com\u00e9rcio fechado em Fortaleza pelo Dia do Comerci\u00e1rio"},"content":{"rendered":"\n<p>As lojas do com\u00e9rcio de Fortaleza estar\u00e3o fechadas nesta segunda-feira, dia 27 de setembro, por causa do Dia do Comerci\u00e1rio. De acordo com a C\u00e2mara dos Dirigentes Lojistas (CDL) de Fortaleza, a folga \u00e9 &#8220;baseada na Conven\u00e7\u00e3o Coletiva de Trabalho em vigor&#8221;. Em Aquiraz e Eus\u00e9bio, na Regi\u00e3o Metropolitana de Fortaleza, tamb\u00e9m n\u00e3o haver\u00e1 funcionamento do com\u00e9rcio.<\/p>\n\n\n\n<p>As lojas que decidirem abrir nesta segunda-feira estar\u00e3o sujeitas \u00e0 multa mencionada na Conven\u00e7\u00e3o Coletiva de Trabalho, que estabelece, o dobro do valor do piso, e ser\u00e3o convertidas para cada trabalhador prejudicado.<\/p>\n\n\n\n<figure class=\"wp-block-image size-large\"><img loading=\"lazy\" decoding=\"async\" width=\"1008\" height=\"672\" src=\"https:\/\/blogdorogeriogomes.com.br\/wp-content\/uploads\/2021\/09\/fortaleza-ruas-vazias-6.jpeg\" alt=\"\" class=\"wp-image-22873\" srcset=\"https:\/\/blogdorogeriogomes.com.br\/noticias\/wp-content\/uploads\/2021\/09\/fortaleza-ruas-vazias-6.jpeg 1008w, https:\/\/blogdorogeriogomes.com.br\/noticias\/wp-content\/uploads\/2021\/09\/fortaleza-ruas-vazias-6-300x200.jpeg 300w, https:\/\/blogdorogeriogomes.com.br\/noticias\/wp-content\/uploads\/2021\/09\/fortaleza-ruas-vazias-6-768x512.jpeg 768w, https:\/\/blogdorogeriogomes.com.br\/noticias\/wp-content\/uploads\/2021\/09\/fortaleza-ruas-vazias-6-800x533.jpeg 800w\" sizes=\"auto, (max-width: 1008px) 100vw, 1008px\" \/><\/figure>\n","protected":false},"excerpt":{"rendered":"<p>As lojas do com\u00e9rcio de Fortaleza estar\u00e3o fechadas nesta segunda-feira, dia 27 de setembro, por causa do Dia do Comerci\u00e1rio. De acordo com a C\u00e2mara dos Dirigentes Lojistas (CDL) de Fortaleza, a folga \u00e9 &#8220;baseada na Conven\u00e7\u00e3o Coletiva de Trabalho em vigor&#8221;. Em Aquiraz e Eus\u00e9bio, na Regi\u00e3o Metropolitana de Fortaleza, tamb\u00e9m n\u00e3o haver\u00e1 funcionamento do com\u00e9rcio. As lojas que decidirem abrir nesta segunda-feira estar\u00e3o sujeitas \u00e0 multa mencionada na Conven\u00e7\u00e3o Coletiva de Trabalho, que estabelece, o dobro do&hellip;<\/p>\n","protected":false},"author":1,"featured_media":22873,"comment_status":"open","ping_status":"open","sticky":false,"template":"","format":"standard","meta":{"footnotes":""},"categories":[1],"tags":[],"class_list":["post-22872","post","type-post","status-publish","format-standard","has-post-thumbnail","hentry","category-noticias"],"_links":{"self":[{"href":"https:\/\/blogdorogeriogomes.com.br\/noticias\/wp-json\/wp\/v2\/posts\/22872","targetHints":{"allow":["GET"]}}],"collection":[{"href":"https:\/\/blogdorogeriogomes.com.br\/noticias\/wp-json\/wp\/v2\/posts"}],"about":[{"href":"https:\/\/blogdorogeriogomes.com.br\/noticias\/wp-json\/wp\/v2\/types\/post"}],"author":[{"embeddable":true,"href":"https:\/\/blogdorogeriogomes.com.br\/noticias\/wp-json\/wp\/v2\/users\/1"}],"replies":[{"embeddable":true,"href":"https:\/\/blogdorogeriogomes.com.br\/noticias\/wp-json\/wp\/v2\/comments?post=22872"}],"version-history":[{"count":1,"href":"https:\/\/blogdorogeriogomes.com.br\/noticias\/wp-json\/wp\/v2\/posts\/22872\/revisions"}],"predecessor-version":[{"id":22874,"href":"https:\/\/blogdorogeriogomes.com.br\/noticias\/wp-json\/wp\/v2\/posts\/22872\/revisions\/22874"}],"wp:featuredmedia":[{"embeddable":true,"href":"https:\/\/blogdorogeriogomes.com.br\/noticias\/wp-json\/wp\/v2\/media\/22873"}],"wp:attachment":[{"href":"https:\/\/blogdorogeriogomes.com.br\/noticias\/wp-json\/wp\/v2\/media?parent=22872"}],"wp:term":[{"taxonomy":"category","embeddable":true,"href":"https:\/\/blogdorogeriogomes.com.br\/noticias\/wp-json\/wp\/v2\/categories?post=22872"},{"taxonomy":"post_tag","embeddable":true,"href":"https:\/\/blogdorogeriogomes.com.br\/noticias\/wp-json\/wp\/v2\/tags?post=22872"}],"curies":[{"name":"wp","href":"https:\/\/api.w.org\/{rel}","templated":true}]}}