{"id":22875,"date":"2021-09-27T10:10:01","date_gmt":"2021-09-27T10:10:01","guid":{"rendered":"https:\/\/blogdorogeriogomes.com.br\/?p=22875"},"modified":"2021-09-27T10:49:18","modified_gmt":"2021-09-27T10:49:18","slug":"presidente-da-caixa-e-o-quarto-integrante-da-comitiva-de-bolsonaro-que-foi-aos-eua-a-testar-positivo-para-a-covid-19","status":"publish","type":"post","link":"https:\/\/blogdorogeriogomes.com.br\/noticias\/2021\/09\/presidente-da-caixa-e-o-quarto-integrante-da-comitiva-de-bolsonaro-que-foi-aos-eua-a-testar-positivo-para-a-covid-19\/","title":{"rendered":"Presidente da Caixa \u00e9 o quarto integrante da comitiva de Bolsonaro, que foi aos EUA, a testar positivo para a Covid-19"},"content":{"rendered":"\n<p>O presidente da Caixa Econ\u00f4mica, Pedro Guimar\u00e3es, que integrou a comitiva de Jair Bolsonaro na viagem aos Estados Unidos, na semana passada, confirmou que tamb\u00e9m testou positivo para a Covid-19. \u00c9 a quarta pessoa a contrair o coronav\u00edrus na delega\u00e7\u00e3o brasileira que acompanhou Bolsonaro na abertura da assembleia geral da ONU. O ministro da Sa\u00fade, Marcelo Queiroga, ainda cumpre quarentena nos EUA. O deputado federal Eduardo Bolsonaro tamb\u00e9m est\u00e1 com Covid-19.<\/p>\n\n\n\n<p>Neste domingo, dia 26 de setembro, a Secretaria de Comunica\u00e7\u00e3o do Pal\u00e1cio do Planalto informou que o presidente&nbsp;Jair Bolsonaro realizou um novo teste para Covid-19 e que o resultado foi negativo.&nbsp;A primeira-dama Michelle Bolsonaro tamb\u00e9m testou negativo.<\/p>\n\n\n\n<p>Com rejei\u00e7\u00e3o alta e em meio a crises sanit\u00e1ria, econ\u00f4mica e h\u00eddrica, o presidente Jair Bolsonaro aposta nesta semana em viagens pelo Pa\u00eds e no an\u00fancio de obras para marcar os mil dias de seu governo. Bolsonaro deve viajar ao lado de ministros. Bahia, Rio Grande do Norte e Piau\u00ed est\u00e3o no roteiro esta semana.<\/p>\n\n\n\n<figure class=\"wp-block-image size-large\"><img loading=\"lazy\" decoding=\"async\" width=\"620\" height=\"372\" src=\"https:\/\/blogdorogeriogomes.com.br\/wp-content\/uploads\/2021\/09\/images-33-1.jpeg\" alt=\"\" class=\"wp-image-22876\" srcset=\"https:\/\/blogdorogeriogomes.com.br\/noticias\/wp-content\/uploads\/2021\/09\/images-33-1.jpeg 620w, https:\/\/blogdorogeriogomes.com.br\/noticias\/wp-content\/uploads\/2021\/09\/images-33-1-300x180.jpeg 300w\" sizes=\"auto, (max-width: 620px) 100vw, 620px\" \/><\/figure>\n","protected":false},"excerpt":{"rendered":"<p>O presidente da Caixa Econ\u00f4mica, Pedro Guimar\u00e3es, que integrou a comitiva de Jair Bolsonaro na viagem aos Estados Unidos, na semana passada, confirmou que tamb\u00e9m testou positivo para a Covid-19. \u00c9 a quarta pessoa a contrair o coronav\u00edrus na delega\u00e7\u00e3o brasileira que acompanhou Bolsonaro na abertura da assembleia geral da ONU. O ministro da Sa\u00fade, Marcelo Queiroga, ainda cumpre quarentena nos EUA. O deputado federal Eduardo Bolsonaro tamb\u00e9m est\u00e1 com Covid-19. Neste domingo, dia 26 de setembro, a Secretaria&hellip;<\/p>\n","protected":false},"author":1,"featured_media":22876,"comment_status":"open","ping_status":"open","sticky":false,"template":"","format":"standard","meta":{"footnotes":""},"categories":[1],"tags":[],"class_list":["post-22875","post","type-post","status-publish","format-standard","has-post-thumbnail","hentry","category-noticias"],"_links":{"self":[{"href":"https:\/\/blogdorogeriogomes.com.br\/noticias\/wp-json\/wp\/v2\/posts\/22875","targetHints":{"allow":["GET"]}}],"collection":[{"href":"https:\/\/blogdorogeriogomes.com.br\/noticias\/wp-json\/wp\/v2\/posts"}],"about":[{"href":"https:\/\/blogdorogeriogomes.com.br\/noticias\/wp-json\/wp\/v2\/types\/post"}],"author":[{"embeddable":true,"href":"https:\/\/blogdorogeriogomes.com.br\/noticias\/wp-json\/wp\/v2\/users\/1"}],"replies":[{"embeddable":true,"href":"https:\/\/blogdorogeriogomes.com.br\/noticias\/wp-json\/wp\/v2\/comments?post=22875"}],"version-history":[{"count":2,"href":"https:\/\/blogdorogeriogomes.com.br\/noticias\/wp-json\/wp\/v2\/posts\/22875\/revisions"}],"predecessor-version":[{"id":22878,"href":"https:\/\/blogdorogeriogomes.com.br\/noticias\/wp-json\/wp\/v2\/posts\/22875\/revisions\/22878"}],"wp:featuredmedia":[{"embeddable":true,"href":"https:\/\/blogdorogeriogomes.com.br\/noticias\/wp-json\/wp\/v2\/media\/22876"}],"wp:attachment":[{"href":"https:\/\/blogdorogeriogomes.com.br\/noticias\/wp-json\/wp\/v2\/media?parent=22875"}],"wp:term":[{"taxonomy":"category","embeddable":true,"href":"https:\/\/blogdorogeriogomes.com.br\/noticias\/wp-json\/wp\/v2\/categories?post=22875"},{"taxonomy":"post_tag","embeddable":true,"href":"https:\/\/blogdorogeriogomes.com.br\/noticias\/wp-json\/wp\/v2\/tags?post=22875"}],"curies":[{"name":"wp","href":"https:\/\/api.w.org\/{rel}","templated":true}]}}