{"id":22882,"date":"2021-09-27T23:29:50","date_gmt":"2021-09-27T23:29:50","guid":{"rendered":"https:\/\/blogdorogeriogomes.com.br\/?p=22882"},"modified":"2021-09-28T09:04:10","modified_gmt":"2021-09-28T09:04:10","slug":"cpi-do-motim-deve-voltar-a-se-reunir-nesta-terca-feira-na-assembleia-legislativa","status":"publish","type":"post","link":"https:\/\/blogdorogeriogomes.com.br\/noticias\/2021\/09\/cpi-do-motim-deve-voltar-a-se-reunir-nesta-terca-feira-na-assembleia-legislativa\/","title":{"rendered":"CPI do Motim deve voltar a se reunir nesta ter\u00e7a-feira na Assembleia Legislativa"},"content":{"rendered":"\n<p>O presidente da CPI do Motim, Salmito Filho (PDT), deve comandar mais uma reuni\u00e3o do grupo de parlamentares nesta ter\u00e7a-feira, dia 28 de setembro, na Assembleia Legislativa. O comando da comiss\u00e3o j\u00e1 requereu dados financeiros das associa\u00e7\u00f5es militares que est\u00e3o tendo suas movimenta\u00e7\u00f5es investigadas. A CPI tenta apurar o financiamento do motim da Pol\u00edcia Militar ocorrido no in\u00edcio de 2020 no Cear\u00e1.<\/p>\n\n\n\n<p>De acordo com Salmito Filho, apenas depois que a documenta\u00e7\u00e3o solicitada pela CPI chegarem para an\u00e1lise dos deputados \u00e9 que ser\u00e3o convocados os primeiros depoentes. A ideia \u00e9 que os membros da comiss\u00e3o estejam embasados sobre a movimenta\u00e7\u00e3o financeira das entidades para que os depoimentos possam ser mais proveitosos.<\/p>\n\n\n\n<p>A CPI do Motim tem provocado debates calorosos no plen\u00e1rio da Assembleia Legislativa entre parlamentares da base governista e da oposi\u00e7\u00e3o. Deputados que s\u00e3o ligados \u00e0s associa\u00e7\u00f5es militares dizem que os parlamentares de situa\u00e7\u00e3o t\u00eam interesse eleitoreiro na CPI ao querer desgastar o principal nome da oposi\u00e7\u00e3o para concorrer ao Governo do Estado em 2022, Capit\u00e3o Wagner. Ele \u00e9 da chamada &#8220;bancada da bala&#8221; e defende a atua\u00e7\u00e3o das associa\u00e7\u00f5es militares.<\/p>\n\n\n\n<figure class=\"wp-block-image size-large\"><img loading=\"lazy\" decoding=\"async\" width=\"1024\" height=\"683\" src=\"https:\/\/blogdorogeriogomes.com.br\/wp-content\/uploads\/2021\/09\/cpi_policiais_assembleia_legislativa_ceara037-16949839-1024x683.jpg\" alt=\"\" class=\"wp-image-22883\" srcset=\"https:\/\/blogdorogeriogomes.com.br\/noticias\/wp-content\/uploads\/2021\/09\/cpi_policiais_assembleia_legislativa_ceara037-16949839-1024x683.jpg 1024w, https:\/\/blogdorogeriogomes.com.br\/noticias\/wp-content\/uploads\/2021\/09\/cpi_policiais_assembleia_legislativa_ceara037-16949839-300x200.jpg 300w, https:\/\/blogdorogeriogomes.com.br\/noticias\/wp-content\/uploads\/2021\/09\/cpi_policiais_assembleia_legislativa_ceara037-16949839-768x512.jpg 768w, https:\/\/blogdorogeriogomes.com.br\/noticias\/wp-content\/uploads\/2021\/09\/cpi_policiais_assembleia_legislativa_ceara037-16949839-1536x1024.jpg 1536w, https:\/\/blogdorogeriogomes.com.br\/noticias\/wp-content\/uploads\/2021\/09\/cpi_policiais_assembleia_legislativa_ceara037-16949839-800x533.jpg 800w, https:\/\/blogdorogeriogomes.com.br\/noticias\/wp-content\/uploads\/2021\/09\/cpi_policiais_assembleia_legislativa_ceara037-16949839.jpg 1920w\" sizes=\"auto, (max-width: 1024px) 100vw, 1024px\" \/><\/figure>\n","protected":false},"excerpt":{"rendered":"<p>O presidente da CPI do Motim, Salmito Filho (PDT), deve comandar mais uma reuni\u00e3o do grupo de parlamentares nesta ter\u00e7a-feira, dia 28 de setembro, na Assembleia Legislativa. O comando da comiss\u00e3o j\u00e1 requereu dados financeiros das associa\u00e7\u00f5es militares que est\u00e3o tendo suas movimenta\u00e7\u00f5es investigadas. A CPI tenta apurar o financiamento do motim da Pol\u00edcia Militar ocorrido no in\u00edcio de 2020 no Cear\u00e1. De acordo com Salmito Filho, apenas depois que a documenta\u00e7\u00e3o solicitada pela CPI chegarem para an\u00e1lise dos&hellip;<\/p>\n","protected":false},"author":1,"featured_media":22883,"comment_status":"open","ping_status":"open","sticky":false,"template":"","format":"standard","meta":{"footnotes":""},"categories":[1],"tags":[],"class_list":["post-22882","post","type-post","status-publish","format-standard","has-post-thumbnail","hentry","category-noticias"],"_links":{"self":[{"href":"https:\/\/blogdorogeriogomes.com.br\/noticias\/wp-json\/wp\/v2\/posts\/22882","targetHints":{"allow":["GET"]}}],"collection":[{"href":"https:\/\/blogdorogeriogomes.com.br\/noticias\/wp-json\/wp\/v2\/posts"}],"about":[{"href":"https:\/\/blogdorogeriogomes.com.br\/noticias\/wp-json\/wp\/v2\/types\/post"}],"author":[{"embeddable":true,"href":"https:\/\/blogdorogeriogomes.com.br\/noticias\/wp-json\/wp\/v2\/users\/1"}],"replies":[{"embeddable":true,"href":"https:\/\/blogdorogeriogomes.com.br\/noticias\/wp-json\/wp\/v2\/comments?post=22882"}],"version-history":[{"count":1,"href":"https:\/\/blogdorogeriogomes.com.br\/noticias\/wp-json\/wp\/v2\/posts\/22882\/revisions"}],"predecessor-version":[{"id":22884,"href":"https:\/\/blogdorogeriogomes.com.br\/noticias\/wp-json\/wp\/v2\/posts\/22882\/revisions\/22884"}],"wp:featuredmedia":[{"embeddable":true,"href":"https:\/\/blogdorogeriogomes.com.br\/noticias\/wp-json\/wp\/v2\/media\/22883"}],"wp:attachment":[{"href":"https:\/\/blogdorogeriogomes.com.br\/noticias\/wp-json\/wp\/v2\/media?parent=22882"}],"wp:term":[{"taxonomy":"category","embeddable":true,"href":"https:\/\/blogdorogeriogomes.com.br\/noticias\/wp-json\/wp\/v2\/categories?post=22882"},{"taxonomy":"post_tag","embeddable":true,"href":"https:\/\/blogdorogeriogomes.com.br\/noticias\/wp-json\/wp\/v2\/tags?post=22882"}],"curies":[{"name":"wp","href":"https:\/\/api.w.org\/{rel}","templated":true}]}}