{"id":22887,"date":"2021-09-28T09:29:32","date_gmt":"2021-09-28T09:29:32","guid":{"rendered":"https:\/\/blogdorogeriogomes.com.br\/?p=22887"},"modified":"2021-09-28T11:58:38","modified_gmt":"2021-09-28T11:58:38","slug":"camilo-e-sarto-devem-anunciar-pacote-de-investimento-para-saude-e-geracao-de-renda-em-fortaleza","status":"publish","type":"post","link":"https:\/\/blogdorogeriogomes.com.br\/noticias\/2021\/09\/camilo-e-sarto-devem-anunciar-pacote-de-investimento-para-saude-e-geracao-de-renda-em-fortaleza\/","title":{"rendered":"Camilo e Sarto devem anunciar pacote de investimento para sa\u00fade e gera\u00e7\u00e3o de renda em Fortaleza"},"content":{"rendered":"\n<p>Com a supera\u00e7\u00e3o da segunda onda da Covid-19, a ordem entre os gestores estadual e municipais \u00e9 focar na reconstru\u00e7\u00e3o econ\u00f4mica, na medida que a vacina\u00e7\u00e3o chega para todos. Em Fortaleza, o prefeito Jos\u00e9 Sarto busca a parceria do governador Camilo Santana para o lan\u00e7amento de programas na \u00e1rea de gera\u00e7\u00e3o de emprego.<\/p>\n\n\n\n<p>Sarto promete lan\u00e7ar em breve, em conjunto com o Governo do Cear\u00e1, um programa de gera\u00e7\u00e3o de emprego e renda destinado para mulheres. Trata-se do \u201cNossas Guerreiras\u201d. O prefeito da Capital acena com um investimento de R$ 50 milh\u00f5es para este programa.<\/p>\n\n\n\n<p>Jos\u00e9 Sarto diz que tamb\u00e9m est\u00e1 sendo finalizado um pacote de investimentos para a \u00e1rea da sa\u00fade, que deve ser anunciado junto ao governador Camilo Santana.<\/p>\n\n\n\n<p>Nesta segunda-feira, dia 27 de setembro, Camilo lan\u00e7ou o Pacto pelo Fortalecimento das Pol\u00edticas da Assist\u00eancia Social do Estado,  que busca refor\u00e7ar medidas desse porte em todos os 184 munic\u00edpios. O projeto tem investimento de R$ 72 milh\u00f5es em a\u00e7\u00f5es como a constru\u00e7\u00e3o de novos Centro de Refer\u00eancia de Assist\u00eancia Social (Cras).<\/p>\n\n\n\n<figure class=\"wp-block-image size-large\"><img loading=\"lazy\" decoding=\"async\" width=\"600\" height=\"401\" src=\"https:\/\/blogdorogeriogomes.com.br\/wp-content\/uploads\/2021\/09\/images-35-1.jpeg\" alt=\"\" class=\"wp-image-22888\" srcset=\"https:\/\/blogdorogeriogomes.com.br\/noticias\/wp-content\/uploads\/2021\/09\/images-35-1.jpeg 600w, https:\/\/blogdorogeriogomes.com.br\/noticias\/wp-content\/uploads\/2021\/09\/images-35-1-300x201.jpeg 300w\" sizes=\"auto, (max-width: 600px) 100vw, 600px\" \/><\/figure>\n","protected":false},"excerpt":{"rendered":"<p>Com a supera\u00e7\u00e3o da segunda onda da Covid-19, a ordem entre os gestores estadual e municipais \u00e9 focar na reconstru\u00e7\u00e3o econ\u00f4mica, na medida que a vacina\u00e7\u00e3o chega para todos. Em Fortaleza, o prefeito Jos\u00e9 Sarto busca a parceria do governador Camilo Santana para o lan\u00e7amento de programas na \u00e1rea de gera\u00e7\u00e3o de emprego. Sarto promete lan\u00e7ar em breve, em conjunto com o Governo do Cear\u00e1, um programa de gera\u00e7\u00e3o de emprego e renda destinado para mulheres. Trata-se do \u201cNossas&hellip;<\/p>\n","protected":false},"author":1,"featured_media":22888,"comment_status":"open","ping_status":"open","sticky":false,"template":"","format":"standard","meta":{"footnotes":""},"categories":[1],"tags":[],"class_list":["post-22887","post","type-post","status-publish","format-standard","has-post-thumbnail","hentry","category-noticias"],"_links":{"self":[{"href":"https:\/\/blogdorogeriogomes.com.br\/noticias\/wp-json\/wp\/v2\/posts\/22887","targetHints":{"allow":["GET"]}}],"collection":[{"href":"https:\/\/blogdorogeriogomes.com.br\/noticias\/wp-json\/wp\/v2\/posts"}],"about":[{"href":"https:\/\/blogdorogeriogomes.com.br\/noticias\/wp-json\/wp\/v2\/types\/post"}],"author":[{"embeddable":true,"href":"https:\/\/blogdorogeriogomes.com.br\/noticias\/wp-json\/wp\/v2\/users\/1"}],"replies":[{"embeddable":true,"href":"https:\/\/blogdorogeriogomes.com.br\/noticias\/wp-json\/wp\/v2\/comments?post=22887"}],"version-history":[{"count":1,"href":"https:\/\/blogdorogeriogomes.com.br\/noticias\/wp-json\/wp\/v2\/posts\/22887\/revisions"}],"predecessor-version":[{"id":22889,"href":"https:\/\/blogdorogeriogomes.com.br\/noticias\/wp-json\/wp\/v2\/posts\/22887\/revisions\/22889"}],"wp:featuredmedia":[{"embeddable":true,"href":"https:\/\/blogdorogeriogomes.com.br\/noticias\/wp-json\/wp\/v2\/media\/22888"}],"wp:attachment":[{"href":"https:\/\/blogdorogeriogomes.com.br\/noticias\/wp-json\/wp\/v2\/media?parent=22887"}],"wp:term":[{"taxonomy":"category","embeddable":true,"href":"https:\/\/blogdorogeriogomes.com.br\/noticias\/wp-json\/wp\/v2\/categories?post=22887"},{"taxonomy":"post_tag","embeddable":true,"href":"https:\/\/blogdorogeriogomes.com.br\/noticias\/wp-json\/wp\/v2\/tags?post=22887"}],"curies":[{"name":"wp","href":"https:\/\/api.w.org\/{rel}","templated":true}]}}