{"id":22890,"date":"2021-09-28T10:12:09","date_gmt":"2021-09-28T10:12:09","guid":{"rendered":"https:\/\/blogdorogeriogomes.com.br\/?p=22890"},"modified":"2021-09-28T11:57:55","modified_gmt":"2021-09-28T11:57:55","slug":"ao-completar-1-000-dias-de-governo-bolsonaro-reconhece-crise-e-avisa-que-diesel-vai-continuar-a-subir","status":"publish","type":"post","link":"https:\/\/blogdorogeriogomes.com.br\/noticias\/2021\/09\/ao-completar-1-000-dias-de-governo-bolsonaro-reconhece-crise-e-avisa-que-diesel-vai-continuar-a-subir\/","title":{"rendered":"Ao completar 1.000 dias de governo, Bolsonaro reconhece crise e avisa que diesel vai continuar a subir"},"content":{"rendered":"\n<p>Em discurso no Pal\u00e1cio do Planalto ao completar 1.000 dias de governo, o presidente Jair Bolsonaro resolveu reconhecer as crises h\u00eddrica, econ\u00f4mica e de desemprego que atingem o Pa\u00eds. Admitiu a infla\u00e7\u00e3o alta, a disparada no pre\u00e7o dos alimentos e dos combust\u00edveis. Mas como \u00e9 do seu costume, transferiu as responsabilidades. Ou seja, nunca reconhece a incompet\u00eancia e inoper\u00e2ncia do seu governo e da equipe econ\u00f4mica montada por ele, sob o comando do &#8220;superministro&#8221; Paulo Guedes.<\/p>\n\n\n\n<p>Em rela\u00e7\u00e3o aos combust\u00edveis, Bolsonaro insinuou que a pol\u00edtica de pre\u00e7os da Petrobras seria a respons\u00e1vel pelo valor alto da gasolina. De imediato, a pr\u00f3pria empresa negou que o pre\u00e7o seja responsabilidade s\u00f3 dela. O presidente da Petrobras, Joaquim Silva e Luna,&nbsp;negou&nbsp;que haver\u00e1 mudan\u00e7a na pol\u00edtica de&nbsp;pre\u00e7os&nbsp;da estatal e disse que tudo que excede R$ 2 reais na composi\u00e7\u00e3o da&nbsp;gasolina&nbsp;vendida n\u00e3o \u00e9 de responsabilidade da empresa.<\/p>\n\n\n\n<p>Para completar, Jair Bolsonaro j\u00e1 adiantou. Nos pr\u00f3ximos dias vem mais uma alta no pre\u00e7o do diesel. &#8220;Estamos h\u00e1 tr\u00eas meses sem reajustar o diesel. Vai ter um reajuste daqui a pouco. N\u00e3o vai demorar. Agora, n\u00e3o posso fazer milagre&#8221;, declarou o presidente. <\/p>\n\n\n\n<p>Resta saber o que pensam os caminhoneiros que dependem do combust\u00edvel para continuar circulando.<\/p>\n\n\n\n<figure class=\"wp-block-image size-large\"><img loading=\"lazy\" decoding=\"async\" width=\"669\" height=\"458\" src=\"https:\/\/blogdorogeriogomes.com.br\/wp-content\/uploads\/2021\/09\/images-36-1.jpeg\" alt=\"\" class=\"wp-image-22891\" srcset=\"https:\/\/blogdorogeriogomes.com.br\/noticias\/wp-content\/uploads\/2021\/09\/images-36-1.jpeg 669w, https:\/\/blogdorogeriogomes.com.br\/noticias\/wp-content\/uploads\/2021\/09\/images-36-1-300x205.jpeg 300w\" sizes=\"auto, (max-width: 669px) 100vw, 669px\" \/><\/figure>\n","protected":false},"excerpt":{"rendered":"<p>Em discurso no Pal\u00e1cio do Planalto ao completar 1.000 dias de governo, o presidente Jair Bolsonaro resolveu reconhecer as crises h\u00eddrica, econ\u00f4mica e de desemprego que atingem o Pa\u00eds. Admitiu a infla\u00e7\u00e3o alta, a disparada no pre\u00e7o dos alimentos e dos combust\u00edveis. Mas como \u00e9 do seu costume, transferiu as responsabilidades. Ou seja, nunca reconhece a incompet\u00eancia e inoper\u00e2ncia do seu governo e da equipe econ\u00f4mica montada por ele, sob o comando do &#8220;superministro&#8221; Paulo Guedes. Em rela\u00e7\u00e3o aos&hellip;<\/p>\n","protected":false},"author":1,"featured_media":22891,"comment_status":"open","ping_status":"open","sticky":false,"template":"","format":"standard","meta":{"footnotes":""},"categories":[1],"tags":[],"class_list":["post-22890","post","type-post","status-publish","format-standard","has-post-thumbnail","hentry","category-noticias"],"_links":{"self":[{"href":"https:\/\/blogdorogeriogomes.com.br\/noticias\/wp-json\/wp\/v2\/posts\/22890","targetHints":{"allow":["GET"]}}],"collection":[{"href":"https:\/\/blogdorogeriogomes.com.br\/noticias\/wp-json\/wp\/v2\/posts"}],"about":[{"href":"https:\/\/blogdorogeriogomes.com.br\/noticias\/wp-json\/wp\/v2\/types\/post"}],"author":[{"embeddable":true,"href":"https:\/\/blogdorogeriogomes.com.br\/noticias\/wp-json\/wp\/v2\/users\/1"}],"replies":[{"embeddable":true,"href":"https:\/\/blogdorogeriogomes.com.br\/noticias\/wp-json\/wp\/v2\/comments?post=22890"}],"version-history":[{"count":2,"href":"https:\/\/blogdorogeriogomes.com.br\/noticias\/wp-json\/wp\/v2\/posts\/22890\/revisions"}],"predecessor-version":[{"id":22893,"href":"https:\/\/blogdorogeriogomes.com.br\/noticias\/wp-json\/wp\/v2\/posts\/22890\/revisions\/22893"}],"wp:featuredmedia":[{"embeddable":true,"href":"https:\/\/blogdorogeriogomes.com.br\/noticias\/wp-json\/wp\/v2\/media\/22891"}],"wp:attachment":[{"href":"https:\/\/blogdorogeriogomes.com.br\/noticias\/wp-json\/wp\/v2\/media?parent=22890"}],"wp:term":[{"taxonomy":"category","embeddable":true,"href":"https:\/\/blogdorogeriogomes.com.br\/noticias\/wp-json\/wp\/v2\/categories?post=22890"},{"taxonomy":"post_tag","embeddable":true,"href":"https:\/\/blogdorogeriogomes.com.br\/noticias\/wp-json\/wp\/v2\/tags?post=22890"}],"curies":[{"name":"wp","href":"https:\/\/api.w.org\/{rel}","templated":true}]}}