{"id":22925,"date":"2021-09-30T20:57:27","date_gmt":"2021-09-30T20:57:27","guid":{"rendered":"https:\/\/blogdorogeriogomes.com.br\/?p=22925"},"modified":"2021-10-01T11:13:40","modified_gmt":"2021-10-01T11:13:40","slug":"camara-municipal-de-fortaleza-entrega-nova-central-de-cidadania-com-servicos-a-populacao","status":"publish","type":"post","link":"https:\/\/blogdorogeriogomes.com.br\/noticias\/2021\/09\/camara-municipal-de-fortaleza-entrega-nova-central-de-cidadania-com-servicos-a-populacao\/","title":{"rendered":"C\u00e2mara Municipal de Fortaleza entrega nova Central de Cidadania com servi\u00e7os \u00e0 popula\u00e7\u00e3o"},"content":{"rendered":"\n<p>Nesta sexta-feira, dia 1\u00b0 de outubro, a C\u00e2mara Municipal de Fortaleza inaugura a Central da Cidadania, que levar\u00e1 o nome do ex-vereador Iraguassu Teixeira, que faleceu em fevereiro deste ano, devido a complica\u00e7\u00f5es da Covid-19. A Central vai oferecer uma s\u00e9rie de servi\u00e7os \u00e0 popula\u00e7\u00e3o.<\/p>\n\n\n\n<p>O dia 1\u00b0 de outubro tamb\u00e9m marca o dia do vereador. A solenidade ser\u00e1 restrita aos vereadores e convidados. O presidente da C\u00e2mara Municipal, Ant\u00f4nio Henrique (PDT), destaca que a amplia\u00e7\u00e3o dos servi\u00e7os de cidadania prestados pela Casa envolve parcerias com \u00f3rg\u00e3os p\u00fablicos como a Autarquia Municipal de Tr\u00e2nsito e Cidadania (AMC), a Secretaria da Prote\u00e7\u00e3o Social, Justi\u00e7a, Cidadania, Mulheres e Direitos Humanos (SPS) (SPS), a Secretaria Municipal das Finan\u00e7as (Sefin), o Procon, a Etufor e o Sindi\u00f4nibus. <\/p>\n\n\n\n<figure class=\"wp-block-image size-large\"><img loading=\"lazy\" decoding=\"async\" width=\"678\" height=\"452\" src=\"https:\/\/blogdorogeriogomes.com.br\/wp-content\/uploads\/2021\/09\/images-41-1.jpeg\" alt=\"\" class=\"wp-image-22926\" srcset=\"https:\/\/blogdorogeriogomes.com.br\/noticias\/wp-content\/uploads\/2021\/09\/images-41-1.jpeg 678w, https:\/\/blogdorogeriogomes.com.br\/noticias\/wp-content\/uploads\/2021\/09\/images-41-1-300x200.jpeg 300w\" sizes=\"auto, (max-width: 678px) 100vw, 678px\" \/><\/figure>\n\n\n\n<p><\/p>\n","protected":false},"excerpt":{"rendered":"<p>Nesta sexta-feira, dia 1\u00b0 de outubro, a C\u00e2mara Municipal de Fortaleza inaugura a Central da Cidadania, que levar\u00e1 o nome do ex-vereador Iraguassu Teixeira, que faleceu em fevereiro deste ano, devido a complica\u00e7\u00f5es da Covid-19. A Central vai oferecer uma s\u00e9rie de servi\u00e7os \u00e0 popula\u00e7\u00e3o. O dia 1\u00b0 de outubro tamb\u00e9m marca o dia do vereador. A solenidade ser\u00e1 restrita aos vereadores e convidados. O presidente da C\u00e2mara Municipal, Ant\u00f4nio Henrique (PDT), destaca que a amplia\u00e7\u00e3o dos servi\u00e7os de&hellip;<\/p>\n","protected":false},"author":1,"featured_media":22926,"comment_status":"open","ping_status":"open","sticky":false,"template":"","format":"standard","meta":{"footnotes":""},"categories":[1],"tags":[],"class_list":["post-22925","post","type-post","status-publish","format-standard","has-post-thumbnail","hentry","category-noticias"],"_links":{"self":[{"href":"https:\/\/blogdorogeriogomes.com.br\/noticias\/wp-json\/wp\/v2\/posts\/22925","targetHints":{"allow":["GET"]}}],"collection":[{"href":"https:\/\/blogdorogeriogomes.com.br\/noticias\/wp-json\/wp\/v2\/posts"}],"about":[{"href":"https:\/\/blogdorogeriogomes.com.br\/noticias\/wp-json\/wp\/v2\/types\/post"}],"author":[{"embeddable":true,"href":"https:\/\/blogdorogeriogomes.com.br\/noticias\/wp-json\/wp\/v2\/users\/1"}],"replies":[{"embeddable":true,"href":"https:\/\/blogdorogeriogomes.com.br\/noticias\/wp-json\/wp\/v2\/comments?post=22925"}],"version-history":[{"count":1,"href":"https:\/\/blogdorogeriogomes.com.br\/noticias\/wp-json\/wp\/v2\/posts\/22925\/revisions"}],"predecessor-version":[{"id":22927,"href":"https:\/\/blogdorogeriogomes.com.br\/noticias\/wp-json\/wp\/v2\/posts\/22925\/revisions\/22927"}],"wp:featuredmedia":[{"embeddable":true,"href":"https:\/\/blogdorogeriogomes.com.br\/noticias\/wp-json\/wp\/v2\/media\/22926"}],"wp:attachment":[{"href":"https:\/\/blogdorogeriogomes.com.br\/noticias\/wp-json\/wp\/v2\/media?parent=22925"}],"wp:term":[{"taxonomy":"category","embeddable":true,"href":"https:\/\/blogdorogeriogomes.com.br\/noticias\/wp-json\/wp\/v2\/categories?post=22925"},{"taxonomy":"post_tag","embeddable":true,"href":"https:\/\/blogdorogeriogomes.com.br\/noticias\/wp-json\/wp\/v2\/tags?post=22925"}],"curies":[{"name":"wp","href":"https:\/\/api.w.org\/{rel}","templated":true}]}}