{"id":22928,"date":"2021-09-30T23:20:44","date_gmt":"2021-09-30T23:20:44","guid":{"rendered":"https:\/\/blogdorogeriogomes.com.br\/?p=22928"},"modified":"2021-10-01T11:13:19","modified_gmt":"2021-10-01T11:13:19","slug":"dem-e-psl-confirmam-fusao-que-passa-a-se-chamar-uniao-brasil-desafio-sera-definir-que-rumo-tomar-apoiar-ou-nao-bolsonaro","status":"publish","type":"post","link":"https:\/\/blogdorogeriogomes.com.br\/noticias\/2021\/09\/dem-e-psl-confirmam-fusao-que-passa-a-se-chamar-uniao-brasil-desafio-sera-definir-que-rumo-tomar-apoiar-ou-nao-bolsonaro\/","title":{"rendered":"DEM e PSL confirmam fus\u00e3o que passa a se chamar Uni\u00e3o Brasil. Desafio ser\u00e1 definir que rumo tomar: apoiar ou n\u00e3o Bolsonaro"},"content":{"rendered":"\n<p>A fus\u00e3o entre os partidos DEM e PSL est\u00e1 confirmada. Vai se chamar agora Uni\u00e3o Brasil e ter\u00e1 o n\u00famero 44. A nova sigla ter\u00e1 a maior bancada da C\u00e2mara dos Deputados, com 81 deputados federais, superando os 53 parlamentares do PT, que tinha a maior bancada.&nbsp;O Uni\u00e3o Brasil tamb\u00e9m passa a ter a maior fatia do fundo partid\u00e1rio.&nbsp;<\/p>\n\n\n\n<p>A legenda ser\u00e1 comandada por Luciano Bivar (foto), atual dirigente do PSL. Presidente do DEM, o ex-prefeito de Salvador, ACM Neto (foto), ser\u00e1 o secret\u00e1rio-geral. O desafio, no entanto, \u00e9 saber qual o rumo a nova legenda vai tomar em rela\u00e7\u00e3o ao Governo Bolsonaro. Muitos parlamentares do DEM e do PSL est\u00e3o insatisfeitos com o Governo Federal, enquanto outros pretendem continuar como situa\u00e7\u00e3o.<\/p>\n\n\n\n<p>E nos estados, a situa\u00e7\u00e3o n\u00e3o \u00e9 diferente. No Cear\u00e1, o partido deve ser comandado pelo deputado federal&nbsp;Capit\u00e3o Wagner, hoje no Pros e pr\u00e9-candidato ao Pal\u00e1cio da Aboli\u00e7\u00e3o em 2022. No entanto, o DEM estadual, que tem \u00e0 frente o empres\u00e1rio Chiquinho Feitosa, possui boas rela\u00e7\u00f5es com o Governo Estadual. <\/p>\n\n\n\n<p>A forma\u00e7\u00e3o de palanques do Uni\u00e3o Brasil para 2022 vai exigir, certamente, muitas negocia\u00e7\u00f5es.<\/p>\n\n\n\n<figure class=\"wp-block-image size-large\"><img loading=\"lazy\" decoding=\"async\" width=\"403\" height=\"400\" src=\"https:\/\/blogdorogeriogomes.com.br\/wp-content\/uploads\/2021\/09\/images-422.jpeg\" alt=\"\" class=\"wp-image-22929\" srcset=\"https:\/\/blogdorogeriogomes.com.br\/noticias\/wp-content\/uploads\/2021\/09\/images-422.jpeg 403w, https:\/\/blogdorogeriogomes.com.br\/noticias\/wp-content\/uploads\/2021\/09\/images-422-300x298.jpeg 300w, https:\/\/blogdorogeriogomes.com.br\/noticias\/wp-content\/uploads\/2021\/09\/images-422-150x150.jpeg 150w\" sizes=\"auto, (max-width: 403px) 100vw, 403px\" \/><\/figure>\n","protected":false},"excerpt":{"rendered":"<p>A fus\u00e3o entre os partidos DEM e PSL est\u00e1 confirmada. Vai se chamar agora Uni\u00e3o Brasil e ter\u00e1 o n\u00famero 44. A nova sigla ter\u00e1 a maior bancada da C\u00e2mara dos Deputados, com 81 deputados federais, superando os 53 parlamentares do PT, que tinha a maior bancada.&nbsp;O Uni\u00e3o Brasil tamb\u00e9m passa a ter a maior fatia do fundo partid\u00e1rio.&nbsp; A legenda ser\u00e1 comandada por Luciano Bivar (foto), atual dirigente do PSL. Presidente do DEM, o ex-prefeito de Salvador, ACM&hellip;<\/p>\n","protected":false},"author":1,"featured_media":22929,"comment_status":"open","ping_status":"open","sticky":false,"template":"","format":"standard","meta":{"footnotes":""},"categories":[1],"tags":[],"class_list":["post-22928","post","type-post","status-publish","format-standard","has-post-thumbnail","hentry","category-noticias"],"_links":{"self":[{"href":"https:\/\/blogdorogeriogomes.com.br\/noticias\/wp-json\/wp\/v2\/posts\/22928","targetHints":{"allow":["GET"]}}],"collection":[{"href":"https:\/\/blogdorogeriogomes.com.br\/noticias\/wp-json\/wp\/v2\/posts"}],"about":[{"href":"https:\/\/blogdorogeriogomes.com.br\/noticias\/wp-json\/wp\/v2\/types\/post"}],"author":[{"embeddable":true,"href":"https:\/\/blogdorogeriogomes.com.br\/noticias\/wp-json\/wp\/v2\/users\/1"}],"replies":[{"embeddable":true,"href":"https:\/\/blogdorogeriogomes.com.br\/noticias\/wp-json\/wp\/v2\/comments?post=22928"}],"version-history":[{"count":2,"href":"https:\/\/blogdorogeriogomes.com.br\/noticias\/wp-json\/wp\/v2\/posts\/22928\/revisions"}],"predecessor-version":[{"id":22938,"href":"https:\/\/blogdorogeriogomes.com.br\/noticias\/wp-json\/wp\/v2\/posts\/22928\/revisions\/22938"}],"wp:featuredmedia":[{"embeddable":true,"href":"https:\/\/blogdorogeriogomes.com.br\/noticias\/wp-json\/wp\/v2\/media\/22929"}],"wp:attachment":[{"href":"https:\/\/blogdorogeriogomes.com.br\/noticias\/wp-json\/wp\/v2\/media?parent=22928"}],"wp:term":[{"taxonomy":"category","embeddable":true,"href":"https:\/\/blogdorogeriogomes.com.br\/noticias\/wp-json\/wp\/v2\/categories?post=22928"},{"taxonomy":"post_tag","embeddable":true,"href":"https:\/\/blogdorogeriogomes.com.br\/noticias\/wp-json\/wp\/v2\/tags?post=22928"}],"curies":[{"name":"wp","href":"https:\/\/api.w.org\/{rel}","templated":true}]}}