{"id":22931,"date":"2021-10-01T10:05:38","date_gmt":"2021-10-01T10:05:38","guid":{"rendered":"https:\/\/blogdorogeriogomes.com.br\/?p=22931"},"modified":"2021-10-01T11:13:08","modified_gmt":"2021-10-01T11:13:08","slug":"relatorio-final-da-cpi-da-covid-deve-ser-divulgado-no-proximo-dia-19-de-outubro","status":"publish","type":"post","link":"https:\/\/blogdorogeriogomes.com.br\/noticias\/2021\/10\/relatorio-final-da-cpi-da-covid-deve-ser-divulgado-no-proximo-dia-19-de-outubro\/","title":{"rendered":"Relat\u00f3rio final da CPI da Covid deve ser divulgado no pr\u00f3ximo dia 19 de outubro"},"content":{"rendered":"\n<p>Com os novos depoimentos que foram prestados nos \u00faltimos dias, a CPI da Covid no Senado Federal tem novo prazo para o encerramento das atividades. O senador Renan Calheiros, relator da comiss\u00e3o, deve apresentar o relat\u00f3rio final dos trabalhos no pr\u00f3ximo dia 19 de outubro. No dia seguinte, o relat\u00f3rio deve ser votado pelos integrantes da CPI. Renan promete um relat\u00f3rio robusto com o indiciamento de v\u00e1rias pessoas pelo descaso no enfrentamento \u00e0 pandemia da Covid-19, tentativa de compra ilegal de vacinas, ado\u00e7\u00e3o de tratamento com rem\u00e9dios ineficazes e divulga\u00e7\u00e3o de fake news sobre a doen\u00e7a nas redes sociais. Ap\u00f3s a conclus\u00e3o dos trabalhos, o relat\u00f3rio ser\u00e1 encaminhado \u00e0 Procuradoria Geral da Rep\u00fablica que caber\u00e1 fazer a den\u00fancia ao Poder Judici\u00e1rio.<\/p>\n\n\n\n<p>A pr\u00f3xima semana ser\u00e1 de novos depoimentos. Foram convocados tr\u00eas ex-m\u00e9dicos da Prevent Senior que integrariam o grupo que elaborou um dossi\u00ea com den\u00fancias contra a operadora de sa\u00fade. Foram convocados George Joppert, Andressa Joppert e Walter Correa de Souza Neto.<\/p>\n\n\n\n<p>A comiss\u00e3o tamb\u00e9m aprovou a convoca\u00e7\u00e3o de Paulo Roberto Vanderlei, diretor-presidente da Ag\u00eancia Nacional de Sa\u00fade Suplementar (ANS). O \u00f3rg\u00e3o \u00e9 respons\u00e1vel por fiscalizar a atua\u00e7\u00e3o de planos de sa\u00fade.<\/p>\n\n\n\n<figure class=\"wp-block-image size-large\"><img loading=\"lazy\" decoding=\"async\" width=\"691\" height=\"444\" src=\"https:\/\/blogdorogeriogomes.com.br\/wp-content\/uploads\/2021\/10\/images-43.jpeg\" alt=\"\" class=\"wp-image-22932\" srcset=\"https:\/\/blogdorogeriogomes.com.br\/noticias\/wp-content\/uploads\/2021\/10\/images-43.jpeg 691w, https:\/\/blogdorogeriogomes.com.br\/noticias\/wp-content\/uploads\/2021\/10\/images-43-300x193.jpeg 300w\" sizes=\"auto, (max-width: 691px) 100vw, 691px\" \/><\/figure>\n","protected":false},"excerpt":{"rendered":"<p>Com os novos depoimentos que foram prestados nos \u00faltimos dias, a CPI da Covid no Senado Federal tem novo prazo para o encerramento das atividades. O senador Renan Calheiros, relator da comiss\u00e3o, deve apresentar o relat\u00f3rio final dos trabalhos no pr\u00f3ximo dia 19 de outubro. No dia seguinte, o relat\u00f3rio deve ser votado pelos integrantes da CPI. Renan promete um relat\u00f3rio robusto com o indiciamento de v\u00e1rias pessoas pelo descaso no enfrentamento \u00e0 pandemia da Covid-19, tentativa de compra&hellip;<\/p>\n","protected":false},"author":1,"featured_media":22932,"comment_status":"open","ping_status":"open","sticky":false,"template":"","format":"standard","meta":{"footnotes":""},"categories":[1],"tags":[],"class_list":["post-22931","post","type-post","status-publish","format-standard","has-post-thumbnail","hentry","category-noticias"],"_links":{"self":[{"href":"https:\/\/blogdorogeriogomes.com.br\/noticias\/wp-json\/wp\/v2\/posts\/22931","targetHints":{"allow":["GET"]}}],"collection":[{"href":"https:\/\/blogdorogeriogomes.com.br\/noticias\/wp-json\/wp\/v2\/posts"}],"about":[{"href":"https:\/\/blogdorogeriogomes.com.br\/noticias\/wp-json\/wp\/v2\/types\/post"}],"author":[{"embeddable":true,"href":"https:\/\/blogdorogeriogomes.com.br\/noticias\/wp-json\/wp\/v2\/users\/1"}],"replies":[{"embeddable":true,"href":"https:\/\/blogdorogeriogomes.com.br\/noticias\/wp-json\/wp\/v2\/comments?post=22931"}],"version-history":[{"count":1,"href":"https:\/\/blogdorogeriogomes.com.br\/noticias\/wp-json\/wp\/v2\/posts\/22931\/revisions"}],"predecessor-version":[{"id":22933,"href":"https:\/\/blogdorogeriogomes.com.br\/noticias\/wp-json\/wp\/v2\/posts\/22931\/revisions\/22933"}],"wp:featuredmedia":[{"embeddable":true,"href":"https:\/\/blogdorogeriogomes.com.br\/noticias\/wp-json\/wp\/v2\/media\/22932"}],"wp:attachment":[{"href":"https:\/\/blogdorogeriogomes.com.br\/noticias\/wp-json\/wp\/v2\/media?parent=22931"}],"wp:term":[{"taxonomy":"category","embeddable":true,"href":"https:\/\/blogdorogeriogomes.com.br\/noticias\/wp-json\/wp\/v2\/categories?post=22931"},{"taxonomy":"post_tag","embeddable":true,"href":"https:\/\/blogdorogeriogomes.com.br\/noticias\/wp-json\/wp\/v2\/tags?post=22931"}],"curies":[{"name":"wp","href":"https:\/\/api.w.org\/{rel}","templated":true}]}}