{"id":22934,"date":"2021-10-01T10:21:38","date_gmt":"2021-10-01T10:21:38","guid":{"rendered":"https:\/\/blogdorogeriogomes.com.br\/?p=22934"},"modified":"2021-10-01T11:12:57","modified_gmt":"2021-10-01T11:12:57","slug":"corte-de-energia-eletrica-por-falta-de-pagamento-volta-a-ser-permitido-a-partir-desta-sexta-feira","status":"publish","type":"post","link":"https:\/\/blogdorogeriogomes.com.br\/noticias\/2021\/10\/corte-de-energia-eletrica-por-falta-de-pagamento-volta-a-ser-permitido-a-partir-desta-sexta-feira\/","title":{"rendered":"Corte de energia el\u00e9trica por falta de pagamento volta a ser permitido a partir desta sexta-feira"},"content":{"rendered":"\n<p>Para quem enfrenta dificuldades financeiras por causa da pandemia da Covid-19, mais uma m\u00e1 not\u00edcia. A partir desta sexta-feira, dia 1\u00b0 de outubro, o corte de energia por falta de pagamento no caso dos consumidores de baixa renda voltar\u00e1 a ser permitido. Em abril, a Ag\u00eancia Nacional de Energia El\u00e9trica (Aneel) suspendeu o corte de luz por inadimpl\u00eancia para os benefici\u00e1rios da tarifa social em raz\u00e3o da pandemia. De acordo com a Aneel, n\u00e3o h\u00e1 previs\u00e3o de outro adiamento.<\/p>\n\n\n\n<p>No caso das fam\u00edlias de baixa renda, a distribuidora de energia pode negociar o parcelamento do d\u00e9bito em, no m\u00ednimo, tr\u00eas parcelas. A proibi\u00e7\u00e3o do corte contemplou cerca de 12 milh\u00f5es de fam\u00edlias que se enquadram na tarifa social de energia el\u00e9trica.&nbsp;<\/p>\n\n\n\n<figure class=\"wp-block-image size-large\"><img loading=\"lazy\" decoding=\"async\" width=\"512\" height=\"384\" src=\"https:\/\/blogdorogeriogomes.com.br\/wp-content\/uploads\/2021\/10\/images-46.jpeg\" alt=\"\" class=\"wp-image-22935\" srcset=\"https:\/\/blogdorogeriogomes.com.br\/noticias\/wp-content\/uploads\/2021\/10\/images-46.jpeg 512w, https:\/\/blogdorogeriogomes.com.br\/noticias\/wp-content\/uploads\/2021\/10\/images-46-300x225.jpeg 300w, https:\/\/blogdorogeriogomes.com.br\/noticias\/wp-content\/uploads\/2021\/10\/images-46-400x300.jpeg 400w\" sizes=\"auto, (max-width: 512px) 100vw, 512px\" \/><\/figure>\n","protected":false},"excerpt":{"rendered":"<p>Para quem enfrenta dificuldades financeiras por causa da pandemia da Covid-19, mais uma m\u00e1 not\u00edcia. A partir desta sexta-feira, dia 1\u00b0 de outubro, o corte de energia por falta de pagamento no caso dos consumidores de baixa renda voltar\u00e1 a ser permitido. Em abril, a Ag\u00eancia Nacional de Energia El\u00e9trica (Aneel) suspendeu o corte de luz por inadimpl\u00eancia para os benefici\u00e1rios da tarifa social em raz\u00e3o da pandemia. De acordo com a Aneel, n\u00e3o h\u00e1 previs\u00e3o de outro adiamento.&hellip;<\/p>\n","protected":false},"author":1,"featured_media":22935,"comment_status":"open","ping_status":"open","sticky":false,"template":"","format":"standard","meta":{"footnotes":""},"categories":[1],"tags":[],"class_list":["post-22934","post","type-post","status-publish","format-standard","has-post-thumbnail","hentry","category-noticias"],"_links":{"self":[{"href":"https:\/\/blogdorogeriogomes.com.br\/noticias\/wp-json\/wp\/v2\/posts\/22934","targetHints":{"allow":["GET"]}}],"collection":[{"href":"https:\/\/blogdorogeriogomes.com.br\/noticias\/wp-json\/wp\/v2\/posts"}],"about":[{"href":"https:\/\/blogdorogeriogomes.com.br\/noticias\/wp-json\/wp\/v2\/types\/post"}],"author":[{"embeddable":true,"href":"https:\/\/blogdorogeriogomes.com.br\/noticias\/wp-json\/wp\/v2\/users\/1"}],"replies":[{"embeddable":true,"href":"https:\/\/blogdorogeriogomes.com.br\/noticias\/wp-json\/wp\/v2\/comments?post=22934"}],"version-history":[{"count":2,"href":"https:\/\/blogdorogeriogomes.com.br\/noticias\/wp-json\/wp\/v2\/posts\/22934\/revisions"}],"predecessor-version":[{"id":22937,"href":"https:\/\/blogdorogeriogomes.com.br\/noticias\/wp-json\/wp\/v2\/posts\/22934\/revisions\/22937"}],"wp:featuredmedia":[{"embeddable":true,"href":"https:\/\/blogdorogeriogomes.com.br\/noticias\/wp-json\/wp\/v2\/media\/22935"}],"wp:attachment":[{"href":"https:\/\/blogdorogeriogomes.com.br\/noticias\/wp-json\/wp\/v2\/media?parent=22934"}],"wp:term":[{"taxonomy":"category","embeddable":true,"href":"https:\/\/blogdorogeriogomes.com.br\/noticias\/wp-json\/wp\/v2\/categories?post=22934"},{"taxonomy":"post_tag","embeddable":true,"href":"https:\/\/blogdorogeriogomes.com.br\/noticias\/wp-json\/wp\/v2\/tags?post=22934"}],"curies":[{"name":"wp","href":"https:\/\/api.w.org\/{rel}","templated":true}]}}