{"id":22940,"date":"2021-10-02T13:49:38","date_gmt":"2021-10-02T13:49:38","guid":{"rendered":"https:\/\/blogdorogeriogomes.com.br\/?p=22940"},"modified":"2021-10-04T08:27:02","modified_gmt":"2021-10-04T08:27:02","slug":"ensino-presencial-e-prioridade-no-novo-decreto-estadual-a-partir-de-segunda-feira","status":"publish","type":"post","link":"https:\/\/blogdorogeriogomes.com.br\/noticias\/2021\/10\/ensino-presencial-e-prioridade-no-novo-decreto-estadual-a-partir-de-segunda-feira\/","title":{"rendered":"Ensino presencial \u00e9 prioridade no novo decreto estadual a partir de segunda-feira"},"content":{"rendered":"\n<p>O Governo do Cear\u00e1 quer priorizar o retorno do ensino presencial nas escolas no novo decreto estadual de enfrentamento \u00e0 Covid-19 no Estado, que passa a vigorar a partir desta segunda-feira, dia 4 de outubro. &#8220;\u00c9 importante que a aprendizagem seja refor\u00e7ada com a presen\u00e7a do aluno em sala de aula, sendo o modelo h\u00edbrido permitido em situa\u00e7\u00f5es espec\u00edficas, devidamente comprovadas&#8221;, destacou o governador Camilo Santana.<\/p>\n\n\n\n<p>Para o novo decreto, tamb\u00e9m foi ampliado o hor\u00e1rio de atendimento de restaurantes para 2 horas da madrugada e o aumento da capacidade em eventos corporativos, hot\u00e9is e academias. <\/p>\n\n\n\n<p>Os n\u00fameros de casos e \u00f3bitos por Covid-19 seguem em queda em todo o estado do Cear\u00e1, al\u00e9m de o processo de vacina\u00e7\u00e3o contra a doen\u00e7a estar avan\u00e7ando.<\/p>\n\n\n\n<p>Para este domingo, dia 3 de outubro, n\u00e3o haver\u00e1 aplica\u00e7\u00e3o de doses da vacina contra a Covid-19 em Fortaleza. Segundo a Secretaria Municipal da Sa\u00fade (SMS), n\u00e3o foram agendadas aplica\u00e7\u00f5es para o dia&nbsp;por quest\u00f5es de planejamento interno. Por\u00e9m, a imuniza\u00e7\u00e3o retorna normalmente nesta  segunda-feira, dia 4, com aplica\u00e7\u00e3o de segunda dose das vacinas contra o coronav\u00edrus.<\/p>\n\n\n\n<figure class=\"wp-block-image size-large\"><img loading=\"lazy\" decoding=\"async\" width=\"739\" height=\"415\" src=\"https:\/\/blogdorogeriogomes.com.br\/wp-content\/uploads\/2021\/10\/images-47.jpeg\" alt=\"\" class=\"wp-image-22941\" srcset=\"https:\/\/blogdorogeriogomes.com.br\/noticias\/wp-content\/uploads\/2021\/10\/images-47.jpeg 739w, https:\/\/blogdorogeriogomes.com.br\/noticias\/wp-content\/uploads\/2021\/10\/images-47-300x168.jpeg 300w\" sizes=\"auto, (max-width: 739px) 100vw, 739px\" \/><\/figure>\n","protected":false},"excerpt":{"rendered":"<p>O Governo do Cear\u00e1 quer priorizar o retorno do ensino presencial nas escolas no novo decreto estadual de enfrentamento \u00e0 Covid-19 no Estado, que passa a vigorar a partir desta segunda-feira, dia 4 de outubro. &#8220;\u00c9 importante que a aprendizagem seja refor\u00e7ada com a presen\u00e7a do aluno em sala de aula, sendo o modelo h\u00edbrido permitido em situa\u00e7\u00f5es espec\u00edficas, devidamente comprovadas&#8221;, destacou o governador Camilo Santana. Para o novo decreto, tamb\u00e9m foi ampliado o hor\u00e1rio de atendimento de restaurantes&hellip;<\/p>\n","protected":false},"author":1,"featured_media":22941,"comment_status":"open","ping_status":"open","sticky":false,"template":"","format":"standard","meta":{"footnotes":""},"categories":[1],"tags":[],"class_list":["post-22940","post","type-post","status-publish","format-standard","has-post-thumbnail","hentry","category-noticias"],"_links":{"self":[{"href":"https:\/\/blogdorogeriogomes.com.br\/noticias\/wp-json\/wp\/v2\/posts\/22940","targetHints":{"allow":["GET"]}}],"collection":[{"href":"https:\/\/blogdorogeriogomes.com.br\/noticias\/wp-json\/wp\/v2\/posts"}],"about":[{"href":"https:\/\/blogdorogeriogomes.com.br\/noticias\/wp-json\/wp\/v2\/types\/post"}],"author":[{"embeddable":true,"href":"https:\/\/blogdorogeriogomes.com.br\/noticias\/wp-json\/wp\/v2\/users\/1"}],"replies":[{"embeddable":true,"href":"https:\/\/blogdorogeriogomes.com.br\/noticias\/wp-json\/wp\/v2\/comments?post=22940"}],"version-history":[{"count":2,"href":"https:\/\/blogdorogeriogomes.com.br\/noticias\/wp-json\/wp\/v2\/posts\/22940\/revisions"}],"predecessor-version":[{"id":22946,"href":"https:\/\/blogdorogeriogomes.com.br\/noticias\/wp-json\/wp\/v2\/posts\/22940\/revisions\/22946"}],"wp:featuredmedia":[{"embeddable":true,"href":"https:\/\/blogdorogeriogomes.com.br\/noticias\/wp-json\/wp\/v2\/media\/22941"}],"wp:attachment":[{"href":"https:\/\/blogdorogeriogomes.com.br\/noticias\/wp-json\/wp\/v2\/media?parent=22940"}],"wp:term":[{"taxonomy":"category","embeddable":true,"href":"https:\/\/blogdorogeriogomes.com.br\/noticias\/wp-json\/wp\/v2\/categories?post=22940"},{"taxonomy":"post_tag","embeddable":true,"href":"https:\/\/blogdorogeriogomes.com.br\/noticias\/wp-json\/wp\/v2\/tags?post=22940"}],"curies":[{"name":"wp","href":"https:\/\/api.w.org\/{rel}","templated":true}]}}