{"id":22943,"date":"2021-10-02T14:30:58","date_gmt":"2021-10-02T14:30:58","guid":{"rendered":"https:\/\/blogdorogeriogomes.com.br\/?p=22943"},"modified":"2021-10-04T08:26:53","modified_gmt":"2021-10-04T08:26:53","slug":"protesto-contra-bolsonaro-em-fortaleza-destaca-situacao-de-fome-desemprego-e-carestia-entre-os-mais-pobres","status":"publish","type":"post","link":"https:\/\/blogdorogeriogomes.com.br\/noticias\/2021\/10\/protesto-contra-bolsonaro-em-fortaleza-destaca-situacao-de-fome-desemprego-e-carestia-entre-os-mais-pobres\/","title":{"rendered":"Protesto contra Bolsonaro em Fortaleza destaca situa\u00e7\u00e3o de fome, desemprego e carestia entre os mais pobres"},"content":{"rendered":"\n<p>Manifestantes de v\u00e1rios partidos ganharam as ruas do Centro de Fortaleza no fim da manh\u00e3 deste s\u00e1bado, dia 2 de outubro, para protestar contra o presidente Jair Bolsonaro e pedir a abertura de um processo de impeachment contra ele. O protesto teve uma passeata da pra\u00e7a Cl\u00f3vis Bevil\u00e1qua at\u00e9 a pra\u00e7a do Ferreira. O destaque da manifesta\u00e7\u00e3o foi a den\u00fancia de situa\u00e7\u00e3o de fome, desemprego e carestia que toma de conta do pa\u00eds, principalmente, entre os mais pobres. Infla\u00e7\u00e3o alta, pre\u00e7os dia alimentos disparados, valor dos combust\u00edveis e g\u00e1s de cozinha sem controle e crise h\u00eddrica e energ\u00e9tica s\u00e3o outros fatores que corroem ainda mais a popularidade de Bolsonaro, cada vez mais em baixa nas pesquisas de opini\u00e3o.<\/p>\n\n\n\n<p>Os protestos contra o presidente da Rep\u00fablica se estendem para outras capitais do Pa\u00eds e tamb\u00e9m no exterior. Os atos de hoje re\u00fanem desde partidos de esquerda, como de centro e de direita, que resolveram desembarcar da base de apoio a Bolsonaro.<\/p>\n\n\n\n<figure class=\"wp-block-image size-large\"><img loading=\"lazy\" decoding=\"async\" width=\"818\" height=\"459\" src=\"https:\/\/blogdorogeriogomes.com.br\/wp-content\/uploads\/2021\/10\/1_ato4-17180231.jpg\" alt=\"\" class=\"wp-image-22944\" srcset=\"https:\/\/blogdorogeriogomes.com.br\/noticias\/wp-content\/uploads\/2021\/10\/1_ato4-17180231.jpg 818w, https:\/\/blogdorogeriogomes.com.br\/noticias\/wp-content\/uploads\/2021\/10\/1_ato4-17180231-300x168.jpg 300w, https:\/\/blogdorogeriogomes.com.br\/noticias\/wp-content\/uploads\/2021\/10\/1_ato4-17180231-768x431.jpg 768w, https:\/\/blogdorogeriogomes.com.br\/noticias\/wp-content\/uploads\/2021\/10\/1_ato4-17180231-800x449.jpg 800w\" sizes=\"auto, (max-width: 818px) 100vw, 818px\" \/><\/figure>\n","protected":false},"excerpt":{"rendered":"<p>Manifestantes de v\u00e1rios partidos ganharam as ruas do Centro de Fortaleza no fim da manh\u00e3 deste s\u00e1bado, dia 2 de outubro, para protestar contra o presidente Jair Bolsonaro e pedir a abertura de um processo de impeachment contra ele. O protesto teve uma passeata da pra\u00e7a Cl\u00f3vis Bevil\u00e1qua at\u00e9 a pra\u00e7a do Ferreira. O destaque da manifesta\u00e7\u00e3o foi a den\u00fancia de situa\u00e7\u00e3o de fome, desemprego e carestia que toma de conta do pa\u00eds, principalmente, entre os mais pobres. Infla\u00e7\u00e3o&hellip;<\/p>\n","protected":false},"author":1,"featured_media":22944,"comment_status":"open","ping_status":"open","sticky":false,"template":"","format":"standard","meta":{"footnotes":""},"categories":[1],"tags":[],"class_list":["post-22943","post","type-post","status-publish","format-standard","has-post-thumbnail","hentry","category-noticias"],"_links":{"self":[{"href":"https:\/\/blogdorogeriogomes.com.br\/noticias\/wp-json\/wp\/v2\/posts\/22943","targetHints":{"allow":["GET"]}}],"collection":[{"href":"https:\/\/blogdorogeriogomes.com.br\/noticias\/wp-json\/wp\/v2\/posts"}],"about":[{"href":"https:\/\/blogdorogeriogomes.com.br\/noticias\/wp-json\/wp\/v2\/types\/post"}],"author":[{"embeddable":true,"href":"https:\/\/blogdorogeriogomes.com.br\/noticias\/wp-json\/wp\/v2\/users\/1"}],"replies":[{"embeddable":true,"href":"https:\/\/blogdorogeriogomes.com.br\/noticias\/wp-json\/wp\/v2\/comments?post=22943"}],"version-history":[{"count":1,"href":"https:\/\/blogdorogeriogomes.com.br\/noticias\/wp-json\/wp\/v2\/posts\/22943\/revisions"}],"predecessor-version":[{"id":22945,"href":"https:\/\/blogdorogeriogomes.com.br\/noticias\/wp-json\/wp\/v2\/posts\/22943\/revisions\/22945"}],"wp:featuredmedia":[{"embeddable":true,"href":"https:\/\/blogdorogeriogomes.com.br\/noticias\/wp-json\/wp\/v2\/media\/22944"}],"wp:attachment":[{"href":"https:\/\/blogdorogeriogomes.com.br\/noticias\/wp-json\/wp\/v2\/media?parent=22943"}],"wp:term":[{"taxonomy":"category","embeddable":true,"href":"https:\/\/blogdorogeriogomes.com.br\/noticias\/wp-json\/wp\/v2\/categories?post=22943"},{"taxonomy":"post_tag","embeddable":true,"href":"https:\/\/blogdorogeriogomes.com.br\/noticias\/wp-json\/wp\/v2\/tags?post=22943"}],"curies":[{"name":"wp","href":"https:\/\/api.w.org\/{rel}","templated":true}]}}