{"id":22947,"date":"2021-10-04T11:04:20","date_gmt":"2021-10-04T11:04:20","guid":{"rendered":"https:\/\/blogdorogeriogomes.com.br\/?p=22947"},"modified":"2021-10-05T08:42:52","modified_gmt":"2021-10-05T08:42:52","slug":"semana-comeca-com-muitas-articulacoes-entre-presidenciaveis-em-brasilia","status":"publish","type":"post","link":"https:\/\/blogdorogeriogomes.com.br\/noticias\/2021\/10\/semana-comeca-com-muitas-articulacoes-entre-presidenciaveis-em-brasilia\/","title":{"rendered":"Semana come\u00e7a com muitas articula\u00e7\u00f5es entre presidenciaveis em Bras\u00edlia"},"content":{"rendered":"\n<p>A semana come\u00e7a cheia de articula\u00e7\u00f5es em torno dos pr\u00e9-candidatos \u00e0 Presid\u00eancia da Rep\u00fablica. O ex-ministro Ciro Gomes (PDT) participou dos protestos do \u00faltimo s\u00e1bado contra o presidente Jair Bolsonaro. E tamb\u00e9m jantou com o apresentador Jos\u00e9 Luiz Datena (PSL) em busca de apoio para 2022. Ciro foi vaiado por alguns militantes do PT nas manifesta\u00e7\u00f5es do fim de semana, mas alerta que o momento \u00e9 de focar no impeachment de Bolsonaro.<\/p>\n\n\n\n<p>J\u00e1 o ex-presidente Lula (PT) est\u00e1 em Bras\u00edlia para v\u00e1rios contatos pol\u00edticos. Deve se encontrar nesta segunda-feira, dia 4 de outubro, com o governador do Cear\u00e1, Camilo Santana. Na pauta est\u00e1 a forma\u00e7\u00e3o de um palanque no Cear\u00e1 para as elei\u00e7\u00f5es do pr\u00f3ximo ano e a defini\u00e7\u00e3o de alian\u00e7as para a disputa estadual. PT e PDT estudam manter a uni\u00e3o para eleger o pr\u00f3ximo governador.<\/p>\n\n\n\n<figure class=\"wp-block-image size-large\"><img loading=\"lazy\" decoding=\"async\" width=\"418\" height=\"314\" src=\"https:\/\/blogdorogeriogomes.com.br\/wp-content\/uploads\/2021\/10\/Ciro-Gomes.jpg\" alt=\"\" class=\"wp-image-22948\" srcset=\"https:\/\/blogdorogeriogomes.com.br\/noticias\/wp-content\/uploads\/2021\/10\/Ciro-Gomes.jpg 418w, https:\/\/blogdorogeriogomes.com.br\/noticias\/wp-content\/uploads\/2021\/10\/Ciro-Gomes-300x225.jpg 300w, https:\/\/blogdorogeriogomes.com.br\/noticias\/wp-content\/uploads\/2021\/10\/Ciro-Gomes-400x300.jpg 400w\" sizes=\"auto, (max-width: 418px) 100vw, 418px\" \/><\/figure>\n","protected":false},"excerpt":{"rendered":"<p>A semana come\u00e7a cheia de articula\u00e7\u00f5es em torno dos pr\u00e9-candidatos \u00e0 Presid\u00eancia da Rep\u00fablica. O ex-ministro Ciro Gomes (PDT) participou dos protestos do \u00faltimo s\u00e1bado contra o presidente Jair Bolsonaro. E tamb\u00e9m jantou com o apresentador Jos\u00e9 Luiz Datena (PSL) em busca de apoio para 2022. Ciro foi vaiado por alguns militantes do PT nas manifesta\u00e7\u00f5es do fim de semana, mas alerta que o momento \u00e9 de focar no impeachment de Bolsonaro. J\u00e1 o ex-presidente Lula (PT) est\u00e1 em&hellip;<\/p>\n","protected":false},"author":1,"featured_media":22948,"comment_status":"open","ping_status":"open","sticky":false,"template":"","format":"standard","meta":{"footnotes":""},"categories":[1],"tags":[],"class_list":["post-22947","post","type-post","status-publish","format-standard","has-post-thumbnail","hentry","category-noticias"],"_links":{"self":[{"href":"https:\/\/blogdorogeriogomes.com.br\/noticias\/wp-json\/wp\/v2\/posts\/22947","targetHints":{"allow":["GET"]}}],"collection":[{"href":"https:\/\/blogdorogeriogomes.com.br\/noticias\/wp-json\/wp\/v2\/posts"}],"about":[{"href":"https:\/\/blogdorogeriogomes.com.br\/noticias\/wp-json\/wp\/v2\/types\/post"}],"author":[{"embeddable":true,"href":"https:\/\/blogdorogeriogomes.com.br\/noticias\/wp-json\/wp\/v2\/users\/1"}],"replies":[{"embeddable":true,"href":"https:\/\/blogdorogeriogomes.com.br\/noticias\/wp-json\/wp\/v2\/comments?post=22947"}],"version-history":[{"count":1,"href":"https:\/\/blogdorogeriogomes.com.br\/noticias\/wp-json\/wp\/v2\/posts\/22947\/revisions"}],"predecessor-version":[{"id":22949,"href":"https:\/\/blogdorogeriogomes.com.br\/noticias\/wp-json\/wp\/v2\/posts\/22947\/revisions\/22949"}],"wp:featuredmedia":[{"embeddable":true,"href":"https:\/\/blogdorogeriogomes.com.br\/noticias\/wp-json\/wp\/v2\/media\/22948"}],"wp:attachment":[{"href":"https:\/\/blogdorogeriogomes.com.br\/noticias\/wp-json\/wp\/v2\/media?parent=22947"}],"wp:term":[{"taxonomy":"category","embeddable":true,"href":"https:\/\/blogdorogeriogomes.com.br\/noticias\/wp-json\/wp\/v2\/categories?post=22947"},{"taxonomy":"post_tag","embeddable":true,"href":"https:\/\/blogdorogeriogomes.com.br\/noticias\/wp-json\/wp\/v2\/tags?post=22947"}],"curies":[{"name":"wp","href":"https:\/\/api.w.org\/{rel}","templated":true}]}}