{"id":22953,"date":"2021-10-04T21:05:39","date_gmt":"2021-10-04T21:05:39","guid":{"rendered":"https:\/\/blogdorogeriogomes.com.br\/?p=22953"},"modified":"2021-10-05T08:42:30","modified_gmt":"2021-10-05T08:42:30","slug":"segunda-feira-e-de-prejuizos-com-instabilidade-do-whatsapp-instagram-e-facebook-em-todo-o-mundo","status":"publish","type":"post","link":"https:\/\/blogdorogeriogomes.com.br\/noticias\/2021\/10\/segunda-feira-e-de-prejuizos-com-instabilidade-do-whatsapp-instagram-e-facebook-em-todo-o-mundo\/","title":{"rendered":"Segunda-feira \u00e9 de preju\u00edzos com instabilidade do WhatsApp, Instagram e Facebook em todo o mundo"},"content":{"rendered":"\n<p>Desde o in\u00edcio da tarde desta segunda-feira, dia 4 de outubro, que o WhatsApp, o Instagram e o Facebook est\u00e3o fora do ar em todo o mundo, causando preju\u00edzos a empresas e queda nas a\u00e7\u00f5es do Facebook, que \u00e9 o propriet\u00e1rio dos tr\u00eas servi\u00e7os. A empresa tenta descobrir os motivos da queda das plataformas. Ainda n\u00e3o h\u00e1 previs\u00e3o de retomada do WhatsApp, Instagram e Facebook. As a\u00e7\u00f5es do Facebook na Bolsa eletr\u00f4nica de Nova York, a Nasdaq, segundo maior mercado de a\u00e7\u00f5es do mundo, tombaram em mais de 5%.<\/p>\n\n\n\n<p>Pequenos empres\u00e1rios que fazem vendas pelo Whatsapp e Instagram reclamam de dificuldades para manter a comercializa\u00e7\u00e3o. A falta dos servi\u00e7os tamb\u00e9m afeta as aulas online e tamb\u00e9m a realiza\u00e7\u00e3o de audi\u00eancias virtuais do Judici\u00e1rio e no Procon Municipal, que cancelou 12 audi\u00eancias nesta segunda-feira.<\/p>\n\n\n\n<figure class=\"wp-block-image size-large\"><img loading=\"lazy\" decoding=\"async\" width=\"648\" height=\"364\" src=\"https:\/\/blogdorogeriogomes.com.br\/wp-content\/uploads\/2021\/10\/images-49.jpeg\" alt=\"\" class=\"wp-image-22954\" srcset=\"https:\/\/blogdorogeriogomes.com.br\/noticias\/wp-content\/uploads\/2021\/10\/images-49.jpeg 648w, https:\/\/blogdorogeriogomes.com.br\/noticias\/wp-content\/uploads\/2021\/10\/images-49-300x169.jpeg 300w\" sizes=\"auto, (max-width: 648px) 100vw, 648px\" \/><\/figure>\n","protected":false},"excerpt":{"rendered":"<p>Desde o in\u00edcio da tarde desta segunda-feira, dia 4 de outubro, que o WhatsApp, o Instagram e o Facebook est\u00e3o fora do ar em todo o mundo, causando preju\u00edzos a empresas e queda nas a\u00e7\u00f5es do Facebook, que \u00e9 o propriet\u00e1rio dos tr\u00eas servi\u00e7os. A empresa tenta descobrir os motivos da queda das plataformas. Ainda n\u00e3o h\u00e1 previs\u00e3o de retomada do WhatsApp, Instagram e Facebook. As a\u00e7\u00f5es do Facebook na Bolsa eletr\u00f4nica de Nova York, a Nasdaq, segundo maior&hellip;<\/p>\n","protected":false},"author":1,"featured_media":22954,"comment_status":"open","ping_status":"open","sticky":false,"template":"","format":"standard","meta":{"footnotes":""},"categories":[1],"tags":[],"class_list":["post-22953","post","type-post","status-publish","format-standard","has-post-thumbnail","hentry","category-noticias"],"_links":{"self":[{"href":"https:\/\/blogdorogeriogomes.com.br\/noticias\/wp-json\/wp\/v2\/posts\/22953","targetHints":{"allow":["GET"]}}],"collection":[{"href":"https:\/\/blogdorogeriogomes.com.br\/noticias\/wp-json\/wp\/v2\/posts"}],"about":[{"href":"https:\/\/blogdorogeriogomes.com.br\/noticias\/wp-json\/wp\/v2\/types\/post"}],"author":[{"embeddable":true,"href":"https:\/\/blogdorogeriogomes.com.br\/noticias\/wp-json\/wp\/v2\/users\/1"}],"replies":[{"embeddable":true,"href":"https:\/\/blogdorogeriogomes.com.br\/noticias\/wp-json\/wp\/v2\/comments?post=22953"}],"version-history":[{"count":1,"href":"https:\/\/blogdorogeriogomes.com.br\/noticias\/wp-json\/wp\/v2\/posts\/22953\/revisions"}],"predecessor-version":[{"id":22955,"href":"https:\/\/blogdorogeriogomes.com.br\/noticias\/wp-json\/wp\/v2\/posts\/22953\/revisions\/22955"}],"wp:featuredmedia":[{"embeddable":true,"href":"https:\/\/blogdorogeriogomes.com.br\/noticias\/wp-json\/wp\/v2\/media\/22954"}],"wp:attachment":[{"href":"https:\/\/blogdorogeriogomes.com.br\/noticias\/wp-json\/wp\/v2\/media?parent=22953"}],"wp:term":[{"taxonomy":"category","embeddable":true,"href":"https:\/\/blogdorogeriogomes.com.br\/noticias\/wp-json\/wp\/v2\/categories?post=22953"},{"taxonomy":"post_tag","embeddable":true,"href":"https:\/\/blogdorogeriogomes.com.br\/noticias\/wp-json\/wp\/v2\/tags?post=22953"}],"curies":[{"name":"wp","href":"https:\/\/api.w.org\/{rel}","templated":true}]}}