{"id":22956,"date":"2021-10-04T23:55:36","date_gmt":"2021-10-04T23:55:36","guid":{"rendered":"https:\/\/blogdorogeriogomes.com.br\/?p=22956"},"modified":"2021-10-05T08:42:22","modified_gmt":"2021-10-05T08:42:22","slug":"lula-se-reune-com-governadores-do-nordeste-em-brasilia-semana-sera-de-encontros-politicos-com-varios-partidos","status":"publish","type":"post","link":"https:\/\/blogdorogeriogomes.com.br\/noticias\/2021\/10\/lula-se-reune-com-governadores-do-nordeste-em-brasilia-semana-sera-de-encontros-politicos-com-varios-partidos\/","title":{"rendered":"Lula se re\u00fane com governadores do Nordeste em Bras\u00edlia. Semana ser\u00e1 de encontros pol\u00edticos com v\u00e1rios partidos"},"content":{"rendered":"\n<p>O ex-presidente Lula (PT) iniciou uma s\u00e9rie de encontros pol\u00edticos em Bras\u00edlia. A semana ser\u00e1 de muitas conversas com representantes de v\u00e1rios partidos pol\u00edticos. Lula quer definir a participa\u00e7\u00e3o do PT nas disputas estaduais em 2022. Ao mesmo tempo, o petista articula palanques nos estados para a corrida presidencial. Lula lidera as pesquisas eleitorais e quer montar uma alian\u00e7a que reunir\u00e1 partidos de esquerda, mas tamb\u00e9m se aproximando se for\u00e7as do centro pol\u00edtico.<\/p>\n\n\n\n<p>Nos primeiros encontros pol\u00edticos em Bras\u00edlia esteve uma reuni\u00e3o com os governadores do Nordeste. A regi\u00e3o hoje \u00e9 o maior reduto de Lula nas pesquisas eleitorais, com \u00edndices superiores a 60% das inten\u00e7\u00f5es de voto. <\/p>\n\n\n\n<p>Participaram do encontro com Lula, os governadores Camilo Santana (Cear\u00e1), F\u00e1tima Bezerra (Rio Grande do Norte), Rui Costa (Bahia) e Wellington Dias (Piau\u00ed). Tamb\u00e9m estiveram na reuni\u00e3o a vice-governadora do Sergipe, Eliane Aquino, o senador Jaques Wagner (PT-BA) e a presidente do PT, Gleisi Hoffmann.<\/p>\n\n\n\n<figure class=\"wp-block-image size-large\"><img loading=\"lazy\" decoding=\"async\" width=\"1024\" height=\"669\" src=\"https:\/\/blogdorogeriogomes.com.br\/wp-content\/uploads\/2021\/10\/0410_c9bc_0829_1cb4-1024x669.jpg\" alt=\"\" class=\"wp-image-22957\" srcset=\"https:\/\/blogdorogeriogomes.com.br\/noticias\/wp-content\/uploads\/2021\/10\/0410_c9bc_0829_1cb4-1024x669.jpg 1024w, https:\/\/blogdorogeriogomes.com.br\/noticias\/wp-content\/uploads\/2021\/10\/0410_c9bc_0829_1cb4-300x196.jpg 300w, https:\/\/blogdorogeriogomes.com.br\/noticias\/wp-content\/uploads\/2021\/10\/0410_c9bc_0829_1cb4-768x502.jpg 768w, https:\/\/blogdorogeriogomes.com.br\/noticias\/wp-content\/uploads\/2021\/10\/0410_c9bc_0829_1cb4-1536x1004.jpg 1536w, https:\/\/blogdorogeriogomes.com.br\/noticias\/wp-content\/uploads\/2021\/10\/0410_c9bc_0829_1cb4-800x523.jpg 800w, https:\/\/blogdorogeriogomes.com.br\/noticias\/wp-content\/uploads\/2021\/10\/0410_c9bc_0829_1cb4.jpg 1600w\" sizes=\"auto, (max-width: 1024px) 100vw, 1024px\" \/><\/figure>\n","protected":false},"excerpt":{"rendered":"<p>O ex-presidente Lula (PT) iniciou uma s\u00e9rie de encontros pol\u00edticos em Bras\u00edlia. A semana ser\u00e1 de muitas conversas com representantes de v\u00e1rios partidos pol\u00edticos. Lula quer definir a participa\u00e7\u00e3o do PT nas disputas estaduais em 2022. Ao mesmo tempo, o petista articula palanques nos estados para a corrida presidencial. Lula lidera as pesquisas eleitorais e quer montar uma alian\u00e7a que reunir\u00e1 partidos de esquerda, mas tamb\u00e9m se aproximando se for\u00e7as do centro pol\u00edtico. Nos primeiros encontros pol\u00edticos em Bras\u00edlia&hellip;<\/p>\n","protected":false},"author":1,"featured_media":22957,"comment_status":"open","ping_status":"open","sticky":false,"template":"","format":"standard","meta":{"footnotes":""},"categories":[1],"tags":[],"class_list":["post-22956","post","type-post","status-publish","format-standard","has-post-thumbnail","hentry","category-noticias"],"_links":{"self":[{"href":"https:\/\/blogdorogeriogomes.com.br\/noticias\/wp-json\/wp\/v2\/posts\/22956","targetHints":{"allow":["GET"]}}],"collection":[{"href":"https:\/\/blogdorogeriogomes.com.br\/noticias\/wp-json\/wp\/v2\/posts"}],"about":[{"href":"https:\/\/blogdorogeriogomes.com.br\/noticias\/wp-json\/wp\/v2\/types\/post"}],"author":[{"embeddable":true,"href":"https:\/\/blogdorogeriogomes.com.br\/noticias\/wp-json\/wp\/v2\/users\/1"}],"replies":[{"embeddable":true,"href":"https:\/\/blogdorogeriogomes.com.br\/noticias\/wp-json\/wp\/v2\/comments?post=22956"}],"version-history":[{"count":1,"href":"https:\/\/blogdorogeriogomes.com.br\/noticias\/wp-json\/wp\/v2\/posts\/22956\/revisions"}],"predecessor-version":[{"id":22958,"href":"https:\/\/blogdorogeriogomes.com.br\/noticias\/wp-json\/wp\/v2\/posts\/22956\/revisions\/22958"}],"wp:featuredmedia":[{"embeddable":true,"href":"https:\/\/blogdorogeriogomes.com.br\/noticias\/wp-json\/wp\/v2\/media\/22957"}],"wp:attachment":[{"href":"https:\/\/blogdorogeriogomes.com.br\/noticias\/wp-json\/wp\/v2\/media?parent=22956"}],"wp:term":[{"taxonomy":"category","embeddable":true,"href":"https:\/\/blogdorogeriogomes.com.br\/noticias\/wp-json\/wp\/v2\/categories?post=22956"},{"taxonomy":"post_tag","embeddable":true,"href":"https:\/\/blogdorogeriogomes.com.br\/noticias\/wp-json\/wp\/v2\/tags?post=22956"}],"curies":[{"name":"wp","href":"https:\/\/api.w.org\/{rel}","templated":true}]}}