{"id":22959,"date":"2021-10-05T10:36:58","date_gmt":"2021-10-05T10:36:58","guid":{"rendered":"https:\/\/blogdorogeriogomes.com.br\/?p=22959"},"modified":"2021-10-06T09:34:53","modified_gmt":"2021-10-06T09:34:53","slug":"cerca-de-42-dos-cearenses-ja-estao-totalmente-imunizados-contra-a-covid-19","status":"publish","type":"post","link":"https:\/\/blogdorogeriogomes.com.br\/noticias\/2021\/10\/cerca-de-42-dos-cearenses-ja-estao-totalmente-imunizados-contra-a-covid-19\/","title":{"rendered":"Cerca de 42% dos cearenses j\u00e1 est\u00e3o totalmente imunizados contra a Covid-19"},"content":{"rendered":"\n<p>De acordo com a Secretaria de Sa\u00fade do Cear\u00e1, 3.860.106 pessoas completaram a imuniza\u00e7\u00e3o contra a Covid-19. Receberam duas doses de AstraZeneca, CoronaVac, Pfizer ou dose \u00fanica da Janssen.  A quantidade equivale a&nbsp;42% de um total de 9,2 milh\u00f5es de pessoas que residem no Estado. Em rela\u00e7\u00e3o&nbsp;pelo menos&nbsp;\u00e0 primeira dose (D1), mais de seis milh\u00f5es de pessoas receberam a vacina, contabilizando 69,2% da popula\u00e7\u00e3o do Estado. Com a terceira dose da vacina, j\u00e1 s\u00e3o 468 cearenses imunizados.<\/p>\n\n\n\n<p>Nesta ter\u00e7a-feira, dia 5 de outubro, o Cear\u00e1 vai receber um novo lote de vacinas contra a Covid-19, com 388.740 doses de vacina contra a Covid-19. Ser\u00e3o 201.240 doses da Pfizer, e 187.500 de AstraZeneca.<\/p>\n\n\n\n<figure class=\"wp-block-image size-large\"><img loading=\"lazy\" decoding=\"async\" width=\"678\" height=\"452\" src=\"https:\/\/blogdorogeriogomes.com.br\/wp-content\/uploads\/2021\/10\/images-50.jpeg\" alt=\"\" class=\"wp-image-22960\" srcset=\"https:\/\/blogdorogeriogomes.com.br\/noticias\/wp-content\/uploads\/2021\/10\/images-50.jpeg 678w, https:\/\/blogdorogeriogomes.com.br\/noticias\/wp-content\/uploads\/2021\/10\/images-50-300x200.jpeg 300w\" sizes=\"auto, (max-width: 678px) 100vw, 678px\" \/><\/figure>\n","protected":false},"excerpt":{"rendered":"<p>De acordo com a Secretaria de Sa\u00fade do Cear\u00e1, 3.860.106 pessoas completaram a imuniza\u00e7\u00e3o contra a Covid-19. Receberam duas doses de AstraZeneca, CoronaVac, Pfizer ou dose \u00fanica da Janssen. A quantidade equivale a&nbsp;42% de um total de 9,2 milh\u00f5es de pessoas que residem no Estado. Em rela\u00e7\u00e3o&nbsp;pelo menos&nbsp;\u00e0 primeira dose (D1), mais de seis milh\u00f5es de pessoas receberam a vacina, contabilizando 69,2% da popula\u00e7\u00e3o do Estado. Com a terceira dose da vacina, j\u00e1 s\u00e3o 468 cearenses imunizados. Nesta ter\u00e7a-feira,&hellip;<\/p>\n","protected":false},"author":1,"featured_media":22960,"comment_status":"open","ping_status":"open","sticky":false,"template":"","format":"standard","meta":{"footnotes":""},"categories":[1],"tags":[],"class_list":["post-22959","post","type-post","status-publish","format-standard","has-post-thumbnail","hentry","category-noticias"],"_links":{"self":[{"href":"https:\/\/blogdorogeriogomes.com.br\/noticias\/wp-json\/wp\/v2\/posts\/22959","targetHints":{"allow":["GET"]}}],"collection":[{"href":"https:\/\/blogdorogeriogomes.com.br\/noticias\/wp-json\/wp\/v2\/posts"}],"about":[{"href":"https:\/\/blogdorogeriogomes.com.br\/noticias\/wp-json\/wp\/v2\/types\/post"}],"author":[{"embeddable":true,"href":"https:\/\/blogdorogeriogomes.com.br\/noticias\/wp-json\/wp\/v2\/users\/1"}],"replies":[{"embeddable":true,"href":"https:\/\/blogdorogeriogomes.com.br\/noticias\/wp-json\/wp\/v2\/comments?post=22959"}],"version-history":[{"count":2,"href":"https:\/\/blogdorogeriogomes.com.br\/noticias\/wp-json\/wp\/v2\/posts\/22959\/revisions"}],"predecessor-version":[{"id":22974,"href":"https:\/\/blogdorogeriogomes.com.br\/noticias\/wp-json\/wp\/v2\/posts\/22959\/revisions\/22974"}],"wp:featuredmedia":[{"embeddable":true,"href":"https:\/\/blogdorogeriogomes.com.br\/noticias\/wp-json\/wp\/v2\/media\/22960"}],"wp:attachment":[{"href":"https:\/\/blogdorogeriogomes.com.br\/noticias\/wp-json\/wp\/v2\/media?parent=22959"}],"wp:term":[{"taxonomy":"category","embeddable":true,"href":"https:\/\/blogdorogeriogomes.com.br\/noticias\/wp-json\/wp\/v2\/categories?post=22959"},{"taxonomy":"post_tag","embeddable":true,"href":"https:\/\/blogdorogeriogomes.com.br\/noticias\/wp-json\/wp\/v2\/tags?post=22959"}],"curies":[{"name":"wp","href":"https:\/\/api.w.org\/{rel}","templated":true}]}}