{"id":22965,"date":"2021-10-05T18:49:03","date_gmt":"2021-10-05T18:49:03","guid":{"rendered":"https:\/\/blogdorogeriogomes.com.br\/?p=22965"},"modified":"2021-10-06T09:34:37","modified_gmt":"2021-10-06T09:34:37","slug":"prefeitura-de-fortaleza-abre-duas-mil-vagas-para-novos-estagiarios-em-varias-profissoes","status":"publish","type":"post","link":"https:\/\/blogdorogeriogomes.com.br\/noticias\/2021\/10\/prefeitura-de-fortaleza-abre-duas-mil-vagas-para-novos-estagiarios-em-varias-profissoes\/","title":{"rendered":"Prefeitura de Fortaleza abre duas mil vagas para novos estagi\u00e1rios em v\u00e1rias profiss\u00f5es"},"content":{"rendered":"\n<p>Para quem est\u00e1 estudando e buscando uma nova vaga no mercado de trabalho, o prefeito de Fortaleza, Jos\u00e9 Sarto, lan\u00e7ou, nesta ter\u00e7a-feira, dia 5 de outubro, mais uma edi\u00e7\u00e3o do programa Jovens Talentos, que vai possibilitar a contrata\u00e7\u00e3o, por meio de sele\u00e7\u00e3o p\u00fablica, de novos estagi\u00e1rios para a Prefeitura de Fortaleza. No total, s\u00e3o ofertadas 2.092 vagas para estudantes de diversos cursos. As inscri\u00e7\u00f5es ocorrer\u00e3o, exclusivamente, pela internet, a partir desta ter\u00e7a-feira at\u00e9 dia 30 de outubro.<\/p>\n\n\n\n<p>A iniciativa \u00e9 mais uma medida da Prefeitura para a recupera\u00e7\u00e3o do fluxo econ\u00f4mico. &#8220;\u00c9 mais uma pol\u00edtica para a capacita\u00e7\u00e3o e inclus\u00e3o da nossa juventude. H\u00e1 10 anos, o valor da bolsa n\u00e3o era ajustado, aumentamos para R$ 750. Tamb\u00e9m ampliamos a oferta de bolsistas e o n\u00famero de cursos contemplados. S\u00e3o mais de R$ 20 milh\u00f5es em investimento\u201d, afirmou Jos\u00e9 Sarto.<\/p>\n\n\n\n<p>Com o programa, a Prefeitura oferece oportunidade para alunos universit\u00e1rios se iniciarem em suas profiss\u00f5es, um esfor\u00e7o que se soma a outras a\u00e7\u00f5es voltadas para os jovens da Capital.<\/p>\n\n\n\n<figure class=\"wp-block-image size-large\"><img loading=\"lazy\" decoding=\"async\" width=\"1024\" height=\"602\" src=\"https:\/\/blogdorogeriogomes.com.br\/wp-content\/uploads\/2021\/10\/05-10-2021-Jovens-Talentos-1024x602.jpg\" alt=\"\" class=\"wp-image-22966\" srcset=\"https:\/\/blogdorogeriogomes.com.br\/noticias\/wp-content\/uploads\/2021\/10\/05-10-2021-Jovens-Talentos-1024x602.jpg 1024w, https:\/\/blogdorogeriogomes.com.br\/noticias\/wp-content\/uploads\/2021\/10\/05-10-2021-Jovens-Talentos-300x176.jpg 300w, https:\/\/blogdorogeriogomes.com.br\/noticias\/wp-content\/uploads\/2021\/10\/05-10-2021-Jovens-Talentos-768x451.jpg 768w, https:\/\/blogdorogeriogomes.com.br\/noticias\/wp-content\/uploads\/2021\/10\/05-10-2021-Jovens-Talentos-800x470.jpg 800w, https:\/\/blogdorogeriogomes.com.br\/noticias\/wp-content\/uploads\/2021\/10\/05-10-2021-Jovens-Talentos.jpg 1280w\" sizes=\"auto, (max-width: 1024px) 100vw, 1024px\" \/><\/figure>\n","protected":false},"excerpt":{"rendered":"<p>Para quem est\u00e1 estudando e buscando uma nova vaga no mercado de trabalho, o prefeito de Fortaleza, Jos\u00e9 Sarto, lan\u00e7ou, nesta ter\u00e7a-feira, dia 5 de outubro, mais uma edi\u00e7\u00e3o do programa Jovens Talentos, que vai possibilitar a contrata\u00e7\u00e3o, por meio de sele\u00e7\u00e3o p\u00fablica, de novos estagi\u00e1rios para a Prefeitura de Fortaleza. No total, s\u00e3o ofertadas 2.092 vagas para estudantes de diversos cursos. As inscri\u00e7\u00f5es ocorrer\u00e3o, exclusivamente, pela internet, a partir desta ter\u00e7a-feira at\u00e9 dia 30 de outubro. A iniciativa&hellip;<\/p>\n","protected":false},"author":1,"featured_media":22966,"comment_status":"open","ping_status":"open","sticky":false,"template":"","format":"standard","meta":{"footnotes":""},"categories":[1],"tags":[],"class_list":["post-22965","post","type-post","status-publish","format-standard","has-post-thumbnail","hentry","category-noticias"],"_links":{"self":[{"href":"https:\/\/blogdorogeriogomes.com.br\/noticias\/wp-json\/wp\/v2\/posts\/22965","targetHints":{"allow":["GET"]}}],"collection":[{"href":"https:\/\/blogdorogeriogomes.com.br\/noticias\/wp-json\/wp\/v2\/posts"}],"about":[{"href":"https:\/\/blogdorogeriogomes.com.br\/noticias\/wp-json\/wp\/v2\/types\/post"}],"author":[{"embeddable":true,"href":"https:\/\/blogdorogeriogomes.com.br\/noticias\/wp-json\/wp\/v2\/users\/1"}],"replies":[{"embeddable":true,"href":"https:\/\/blogdorogeriogomes.com.br\/noticias\/wp-json\/wp\/v2\/comments?post=22965"}],"version-history":[{"count":1,"href":"https:\/\/blogdorogeriogomes.com.br\/noticias\/wp-json\/wp\/v2\/posts\/22965\/revisions"}],"predecessor-version":[{"id":22967,"href":"https:\/\/blogdorogeriogomes.com.br\/noticias\/wp-json\/wp\/v2\/posts\/22965\/revisions\/22967"}],"wp:featuredmedia":[{"embeddable":true,"href":"https:\/\/blogdorogeriogomes.com.br\/noticias\/wp-json\/wp\/v2\/media\/22966"}],"wp:attachment":[{"href":"https:\/\/blogdorogeriogomes.com.br\/noticias\/wp-json\/wp\/v2\/media?parent=22965"}],"wp:term":[{"taxonomy":"category","embeddable":true,"href":"https:\/\/blogdorogeriogomes.com.br\/noticias\/wp-json\/wp\/v2\/categories?post=22965"},{"taxonomy":"post_tag","embeddable":true,"href":"https:\/\/blogdorogeriogomes.com.br\/noticias\/wp-json\/wp\/v2\/tags?post=22965"}],"curies":[{"name":"wp","href":"https:\/\/api.w.org\/{rel}","templated":true}]}}