{"id":22968,"date":"2021-10-05T20:49:24","date_gmt":"2021-10-05T20:49:24","guid":{"rendered":"https:\/\/blogdorogeriogomes.com.br\/?p=22968"},"modified":"2021-10-06T09:34:31","modified_gmt":"2021-10-06T09:34:31","slug":"senado-e-camara-convocam-ministro-paulo-guedes-para-explicar-contas-em-paraisos-fiscais","status":"publish","type":"post","link":"https:\/\/blogdorogeriogomes.com.br\/noticias\/2021\/10\/senado-e-camara-convocam-ministro-paulo-guedes-para-explicar-contas-em-paraisos-fiscais\/","title":{"rendered":"Senado e C\u00e2mara convocam ministro Paulo Guedes para explicar contas em para\u00edsos fiscais"},"content":{"rendered":"\n<p>As explica\u00e7\u00f5es dadas pelo ministro da Economia, Paulo Guedes, para manter contas milion\u00e1rias em para\u00edsos fiscais ainda n\u00e3o convenceram. Por isso, a Comiss\u00e3o de Assuntos Econ\u00f4micos do Senado Federal aprovou, nesta ter\u00e7a-feira, dia 5 de outubro, um convite para que o ministro da Economia, Paulo Guedes, e o presidente do Banco Central, Roberto Campos Neto, prestem informa\u00e7\u00f5es sobre as offshores que possuem no para\u00edso fiscal das Ilhas Virgens Brit\u00e2nicas. <\/p>\n\n\n\n<p>Mas os dois tamb\u00e9m ter\u00e3o de prestar esclarecimentos na C\u00e2mara dos Deputados. A Comiss\u00e3o de Trabalho, Administra\u00e7\u00e3o e Servi\u00e7o P\u00fablico tamb\u00e9m aprovou a convoca\u00e7\u00e3o de Guedes e Campos Neto.<\/p>\n\n\n\n<p>A Federa\u00e7\u00e3o Nacional do Fisco Estadual e Distrital (Fenafisco) classificou como &#8220;conflito de interesse&#8221; que torna &#8220;escandalosas&#8221; as perman\u00eancias no governo do ministro da Economia, Paulo Guedes, e o presidente do Banco Central, Roberto Campos Neto, ap\u00f3s a revela\u00e7\u00e3o de contas em esconderijos fiscais.&nbsp;A entidade dos auditores fiscais afirma que manter contas em para\u00edsos fiscais \u00e9 outra artimanha dos super-ricos para n\u00e3o pagar impostos como o restante da popula\u00e7\u00e3o brasileira.<\/p>\n\n\n\n<figure class=\"wp-block-image size-large\"><img loading=\"lazy\" decoding=\"async\" width=\"678\" height=\"452\" src=\"https:\/\/blogdorogeriogomes.com.br\/wp-content\/uploads\/2021\/10\/images-52.jpeg\" alt=\"\" class=\"wp-image-22969\" srcset=\"https:\/\/blogdorogeriogomes.com.br\/noticias\/wp-content\/uploads\/2021\/10\/images-52.jpeg 678w, https:\/\/blogdorogeriogomes.com.br\/noticias\/wp-content\/uploads\/2021\/10\/images-52-300x200.jpeg 300w\" sizes=\"auto, (max-width: 678px) 100vw, 678px\" \/><\/figure>\n","protected":false},"excerpt":{"rendered":"<p>As explica\u00e7\u00f5es dadas pelo ministro da Economia, Paulo Guedes, para manter contas milion\u00e1rias em para\u00edsos fiscais ainda n\u00e3o convenceram. Por isso, a Comiss\u00e3o de Assuntos Econ\u00f4micos do Senado Federal aprovou, nesta ter\u00e7a-feira, dia 5 de outubro, um convite para que o ministro da Economia, Paulo Guedes, e o presidente do Banco Central, Roberto Campos Neto, prestem informa\u00e7\u00f5es sobre as offshores que possuem no para\u00edso fiscal das Ilhas Virgens Brit\u00e2nicas. Mas os dois tamb\u00e9m ter\u00e3o de prestar esclarecimentos na C\u00e2mara&hellip;<\/p>\n","protected":false},"author":1,"featured_media":22969,"comment_status":"open","ping_status":"open","sticky":false,"template":"","format":"standard","meta":{"footnotes":""},"categories":[1],"tags":[],"class_list":["post-22968","post","type-post","status-publish","format-standard","has-post-thumbnail","hentry","category-noticias"],"_links":{"self":[{"href":"https:\/\/blogdorogeriogomes.com.br\/noticias\/wp-json\/wp\/v2\/posts\/22968","targetHints":{"allow":["GET"]}}],"collection":[{"href":"https:\/\/blogdorogeriogomes.com.br\/noticias\/wp-json\/wp\/v2\/posts"}],"about":[{"href":"https:\/\/blogdorogeriogomes.com.br\/noticias\/wp-json\/wp\/v2\/types\/post"}],"author":[{"embeddable":true,"href":"https:\/\/blogdorogeriogomes.com.br\/noticias\/wp-json\/wp\/v2\/users\/1"}],"replies":[{"embeddable":true,"href":"https:\/\/blogdorogeriogomes.com.br\/noticias\/wp-json\/wp\/v2\/comments?post=22968"}],"version-history":[{"count":2,"href":"https:\/\/blogdorogeriogomes.com.br\/noticias\/wp-json\/wp\/v2\/posts\/22968\/revisions"}],"predecessor-version":[{"id":22972,"href":"https:\/\/blogdorogeriogomes.com.br\/noticias\/wp-json\/wp\/v2\/posts\/22968\/revisions\/22972"}],"wp:featuredmedia":[{"embeddable":true,"href":"https:\/\/blogdorogeriogomes.com.br\/noticias\/wp-json\/wp\/v2\/media\/22969"}],"wp:attachment":[{"href":"https:\/\/blogdorogeriogomes.com.br\/noticias\/wp-json\/wp\/v2\/media?parent=22968"}],"wp:term":[{"taxonomy":"category","embeddable":true,"href":"https:\/\/blogdorogeriogomes.com.br\/noticias\/wp-json\/wp\/v2\/categories?post=22968"},{"taxonomy":"post_tag","embeddable":true,"href":"https:\/\/blogdorogeriogomes.com.br\/noticias\/wp-json\/wp\/v2\/tags?post=22968"}],"curies":[{"name":"wp","href":"https:\/\/api.w.org\/{rel}","templated":true}]}}